{"id":3619,"date":"2021-11-04T09:21:00","date_gmt":"2021-11-04T09:21:00","guid":{"rendered":"https:\/\/campus.hesge.ch\/blog-master-is\/?p=3619"},"modified":"2021-11-11T07:27:48","modified_gmt":"2021-11-11T07:27:48","slug":"quand-lire-un-livre-a-ses-enfants-devient-complique","status":"publish","type":"post","link":"https:\/\/campus.hesge.ch\/blog-master-is\/quand-lire-un-livre-a-ses-enfants-devient-complique\/","title":{"rendered":"Quand lire un livre \u00e0 ses enfants devient compliqu\u00e9"},"content":{"rendered":"\n<div class=\"wp-block-image\"><figure class=\"aligncenter size-large is-resized\"><img fetchpriority=\"high\" decoding=\"async\" src=\"https:\/\/campus.hesge.ch\/blog-master-is\/wp-content\/uploads\/2021\/10\/Capture-d\u2019\u00e9cran-2021-09-16-\u00e0-14.23.20-1024x843.png\" alt=\"\" class=\"wp-image-3620\" width=\"427\" height=\"351\" srcset=\"https:\/\/campus.hesge.ch\/blog-master-is\/wp-content\/uploads\/2021\/10\/Capture-d\u2019\u00e9cran-2021-09-16-\u00e0-14.23.20-1024x843.png 1024w, https:\/\/campus.hesge.ch\/blog-master-is\/wp-content\/uploads\/2021\/10\/Capture-d\u2019\u00e9cran-2021-09-16-\u00e0-14.23.20-300x247.png 300w, https:\/\/campus.hesge.ch\/blog-master-is\/wp-content\/uploads\/2021\/10\/Capture-d\u2019\u00e9cran-2021-09-16-\u00e0-14.23.20-768x632.png 768w, https:\/\/campus.hesge.ch\/blog-master-is\/wp-content\/uploads\/2021\/10\/Capture-d\u2019\u00e9cran-2021-09-16-\u00e0-14.23.20.png 1258w\" sizes=\"(max-width: 427px) 100vw, 427px\" \/><figcaption>Source : ESCOFFIER, MAUDET, 2015<\/figcaption><\/figure><\/div>\n\n\n\n<p><strong>Par Julie GAILLARD et Diane DAHAN<\/strong><\/p>\n\n\n\n<p>Vous est-il d\u00e9j\u00e0 arriv\u00e9 d\u2019avoir une carte de menu dans les mains et d\u2019\u00eatre incapable d\u2019en lire les plats, faute de traduction ?<\/p>\n\n\n\n<p>Vous \u00eates-vous d\u00e9j\u00e0 aventur\u00e9 dans une contr\u00e9e lointaine dont les panneaux indiquant les villes sont \u00e9crits dans un alphabet diff\u00e9rent du latin ?<\/p>\n\n\n\n<p>Ces situations sont proches de celles que peuvent rencontrer des personnes non francophones lorsqu\u2019elles souhaitent lire des livres jeunesse en fran\u00e7ais aux enfants.<\/p>\n\n\n\n<h2 class=\"has-virtue-primary-light-color has-text-color wp-block-heading\"><strong>Le projet en bref<\/strong><\/h2>\n\n\n\n<div class=\"wp-block-media-text alignwide is-stacked-on-mobile\" style=\"grid-template-columns:31% auto\"><figure class=\"wp-block-media-text__media\"><img decoding=\"async\" width=\"592\" height=\"632\" src=\"https:\/\/campus.hesge.ch\/blog-master-is\/wp-content\/uploads\/2021\/10\/Capture-d\u2019\u00e9cran-2021-10-22-\u00e0-10.52.22.png\" alt=\"\" class=\"wp-image-3621\" srcset=\"https:\/\/campus.hesge.ch\/blog-master-is\/wp-content\/uploads\/2021\/10\/Capture-d\u2019\u00e9cran-2021-10-22-\u00e0-10.52.22.png 592w, https:\/\/campus.hesge.ch\/blog-master-is\/wp-content\/uploads\/2021\/10\/Capture-d\u2019\u00e9cran-2021-10-22-\u00e0-10.52.22-281x300.png 281w\" sizes=\"(max-width: 592px) 100vw, 592px\" \/><\/figure><div class=\"wp-block-media-text__content\">\n<p>Les chiffres pr\u00e9sent\u00e9s dans le sch\u00e9ma \u00e0 droite \u2013 adapt\u00e9 de&nbsp;<a href=\"https:\/\/www.geneve.ch\/fr\/themes\/geneve-internationale\">Statistique Gen\u00e8ve<\/a>&nbsp;\u2013 montrent bien que la part d\u2019\u00e9trangers est importante \u00e0 Gen\u00e8ve, nombreux sont les ressortissants de l\u2019Union europ\u00e9enne et presque un tiers d\u2019entre eux sont originaires d\u2019un autre continent. Nous pouvons ainsi supposer qu\u2019une grande partie de cette population est non-francophone, tout du moins d\u2019une autre langue maternelle que le fran\u00e7ais.&nbsp;<\/p>\n<\/div><\/div>\n\n\n\n<p>Ainsi la langue peut \u00eatre un frein \u00e0 l\u2019int\u00e9gration. Pour les familles, l\u2019embarras est d\u2019autant plus fort que les parents, voire m\u00eame les personnes qui gardent les enfants, peuvent \u00e9prouver de la difficult\u00e9 \u00e0 aider les enfants \u00e0 faire leurs devoirs, \u00e0 leur lire une histoire en fran\u00e7ais ou \u00e0 les emmener \u00e0 la biblioth\u00e8que. Un logiciel sp\u00e9cifiquement con\u00e7u pour lire et traduire des livres jeunesse prend donc tout son sens dans une ville o\u00f9 l\u2019accueil et l\u2019int\u00e9gration sont des points fortement mis en avant (<a href=\"https:\/\/www.ge.ch\/statistique\/tel\/publications\/2021\/informations_statistiques\/autres_themes\/is_population_03_2021.pdf\">Ville de Gen\u00e8ve 2021<\/a>).<\/p>\n\n\n\n<h2 class=\"has-virtue-primary-light-color has-text-color wp-block-heading\"><strong>Une triple m\u00e9thodologie<\/strong><\/h2>\n\n\n\n<p>Le but principal de cette recherche est de permettre aux personnes non francophones d\u2019acc\u00e9der \u00e0 la litt\u00e9rature jeunesse en fran\u00e7ais gr\u00e2ce \u00e0 un logiciel d\u2019aide \u00e0 lecture et \u00e0 la compr\u00e9hension du texte. Dans ce projet, nous explorons le terrain&nbsp;et cherchons \u00e0 savoir ce qui existe d\u00e9j\u00e0 et quels sont les besoins, afin de poser les jalons pour un \u00e9ventuel futur projet de cr\u00e9ation d\u2019un logiciel. Notre analyse se fait avec 3 axes principaux&nbsp;:<\/p>\n\n\n\n<div class=\"wp-block-image\"><figure class=\"aligncenter size-large is-resized\"><img decoding=\"async\" src=\"https:\/\/campus.hesge.ch\/blog-master-is\/wp-content\/uploads\/2021\/10\/image.png\" alt=\"\" class=\"wp-image-3622\" width=\"395\" height=\"206\" srcset=\"https:\/\/campus.hesge.ch\/blog-master-is\/wp-content\/uploads\/2021\/10\/image.png 668w, https:\/\/campus.hesge.ch\/blog-master-is\/wp-content\/uploads\/2021\/10\/image-300x157.png 300w\" sizes=\"(max-width: 395px) 100vw, 395px\" \/><\/figure><\/div>\n\n\n\n<p class=\"has-text-color has-black-color\">Nous avons donc d\u00fb s\u00e9lectionner et effectuer 3 modes de collecte diff\u00e9rents, adapt\u00e9s aux objectifs de chacune des parties&nbsp;:<\/p>\n\n\n\n<p>1. Une \u00e9valuation des besoins des utilisateurs en menant plusieurs entrevues semi-dirig\u00e9es.<\/p>\n\n\n\n<p>2. Un \u00e9tat des lieux des logiciels existants en les s\u00e9lectionnant, t\u00e9l\u00e9chargeant et testant.<\/p>\n\n\n\n<p>3. Une prise de contact (mail et questionnaire) avec des maisons d&#8217;\u00e9dition de livres jeunesse et des biblioth\u00e8ques &#8211; jeunesse ou interculturelles &#8211; pour savoir si elles portent un int\u00e9r\u00eat \u00e0 offrir un service d&#8217;aide \u00e0 la lecture et \u00e0 \u00eatre de potentiels partenaires pour le projet.<\/p>\n\n\n\n<h2 class=\"has-virtue-primary-light-color has-text-color wp-block-heading\"><strong>Premiers r\u00e9sultats<\/strong><\/h2>\n\n\n\n<p>Au 16 septembre 2021, nous pouvons pr\u00e9senter quelques r\u00e9sultats suite \u00e0 nos collectes.<\/p>\n\n\n\n<p>Pour la collecte 1, nous avons effectu\u00e9 quatre entrevues&nbsp;: deux avec des femmes ayant un ou plusieurs enfants en bas \u00e2ge, une avec une accueillante familiale et une avec une enseignante de fran\u00e7ais langue \u00e9trang\u00e8re. Le premier constat est que les personnes interrog\u00e9es s\u2019int\u00e9ressent au projet d\u2019un logiciel d\u2019aide \u00e0 la lecture. Dans le cas de la litt\u00e9rature jeunesse, les images sont souvent b\u00e9n\u00e9fiques afin d\u2019aider \u00e0 la lecture et l\u2019explication.<\/p>\n\n\n\n<p>Une aide \u00e0 la prononciation serait utile pour les mamans interrog\u00e9es. Le logiciel pourrait \u00eatre disponible sur t\u00e9l\u00e9phone, mais il serait utile de pouvoir informer et sensibiliser sur l\u2019utilisation d\u2019un futur logiciel.<\/p>\n\n\n\n<p>En ce qui concerne le test des logiciels existants, la plupart d\u2019entre eux utilise une technologie de&nbsp;<a href=\"https:\/\/fr.wikipedia.org\/wiki\/Reconnaissance_optique_de_caract%C3%A8res\">reconnaissance optique de caract\u00e8res<\/a>. Cependant nous avons pu constater leurs limites&nbsp;: la lecture de polices sp\u00e9ciales s\u2019av\u00e8re peu performante, comme dans l\u2019exemple ci-dessous.<\/p>\n\n\n\n<div class=\"wp-block-image\"><figure class=\"aligncenter size-large is-resized\"><img loading=\"lazy\" decoding=\"async\" src=\"https:\/\/campus.hesge.ch\/blog-master-is\/wp-content\/uploads\/2021\/10\/Capture-d\u2019\u00e9cran-2021-09-16-\u00e0-14.12.47-2.png\" alt=\"\" class=\"wp-image-3629\" width=\"373\" height=\"250\" srcset=\"https:\/\/campus.hesge.ch\/blog-master-is\/wp-content\/uploads\/2021\/10\/Capture-d\u2019\u00e9cran-2021-09-16-\u00e0-14.12.47-2.png 846w, https:\/\/campus.hesge.ch\/blog-master-is\/wp-content\/uploads\/2021\/10\/Capture-d\u2019\u00e9cran-2021-09-16-\u00e0-14.12.47-2-300x201.png 300w, https:\/\/campus.hesge.ch\/blog-master-is\/wp-content\/uploads\/2021\/10\/Capture-d\u2019\u00e9cran-2021-09-16-\u00e0-14.12.47-2-768x516.png 768w\" sizes=\"(max-width: 373px) 100vw, 373px\" \/><figcaption>Source : scan de BISINSKI, SANDERS, 2019 avec l&#8217;application Traductions de photos<\/figcaption><\/figure><\/div>\n\n\n\n<p><\/p>\n\n\n\n<p>La troisi\u00e8me collecte nous pose quelques difficult\u00e9s&nbsp;: nous n\u2019avons presque pas eu de r\u00e9ponses de la part des biblioth\u00e8ques et maisons d\u2019\u00e9ditions contact\u00e9es et avons donc d\u00fb \u00e9largir nos crit\u00e8res et la p\u00e9riode de collecte.&nbsp;<\/p>\n\n\n\n<h2 class=\"has-virtue-primary-light-color has-text-color wp-block-heading\"><strong>Conclusion<\/strong><\/h2>\n\n\n\n<p>Le projet a lieu sur une dur\u00e9e d\u2019un an, ce qui est assez court compte tenu des nombreuses t\u00e2ches \u00e0 effectuer et des personnes \u00e0 contacter.&nbsp;<\/p>\n\n\n\n<p>Au niveau linguistique, il est impossible pour un chercheur de connaitre les nuances de toutes les langues existantes et donc de savoir si une traduction est correcte ou non. Les probl\u00e8mes de linguistiques sont donc \u00e9galement laiss\u00e9s de c\u00f4t\u00e9.<\/p>\n\n\n\n<p>Enfin, la finalit\u00e9 de ce projet sera, suite \u00e0 l\u2019analyse de nos donn\u00e9es, de proposer des sp\u00e9cificit\u00e9s pour l\u2019\u00e9ventuelle cr\u00e9ation d\u2019un prototype ou d\u2019une interface de logiciel.<\/p>\n\n\n\n<h2 class=\"has-virtue-primary-light-color has-text-color wp-block-heading\"><strong>R\u00e9f\u00e9rences<\/strong><\/h2>\n\n\n\n<p>BISINSKI, Pierrick, SANDERS, Alex, 2019.&nbsp;<em>Pop et les grand m\u00e9chant loup<\/em>. Paris&nbsp;: L\u2019\u00e9cole des loisirs. 22 pages. ISBN 9782211305501<\/p>\n\n\n\n<p>ESCOFFIER, Micha\u00ebl, MAUDET, Matthieu, 2015. L\u2019animaux.&nbsp;<em>Matthieu Maudet<\/em>&nbsp;[en ligne]. 18 juin 2015. [Consult\u00e9 le 16 septembre 2021]. Disponible \u00e0 l\u2019adresse :&nbsp;<a href=\"http:\/\/matthieumaudet.blogspot.com\/2015\/06\/lanimaux.html?q=l%27animaux\">http:\/\/matthieumaudet.blogspot.com\/2015\/06\/lanimaux.html?q=l%27animaux<\/a><\/p>\n\n\n\n<p>STATISTIQUE GENEVE, 2021. Informations statistiques&nbsp;: Bilan et \u00e9tat de la population du canton de Gen\u00e8ve en 2020 [en ligne]. Mars 2021. [Consult\u00e9 le 12 septembre 2021]. Disponible \u00e0 l\u2019adresse :&nbsp;<a href=\"https:\/\/www.ge.ch\/statistique\/tel\/publications\/2021\/informations_statistiques\/autres_themes\/is_population_03_2021.pdf\">https:\/\/www.ge.ch\/statistique\/tel\/publications\/2021\/informations_statistiques\/autres_themes\/is_population_03_2021.pdf<\/a><\/p>\n\n\n\n<p>VILLE DE GENEVE, 2021. Gen\u00e8ve internationale [en ligne]. 15.06.2021. [Consult\u00e9 le 12 septembre 2021]. Disponible \u00e0 l\u2019adresse :&nbsp;<a href=\"https:\/\/www.geneve.ch\/fr\/themes\/geneve-internationale\">https:\/\/www.geneve.ch\/fr\/themes\/geneve-internationale<\/a><\/p>\n","protected":false},"excerpt":{"rendered":"<p>Vous est-il d\u00e9j\u00e0 arriv\u00e9 d\u2019avoir une carte de menu dans les mains et d\u2019\u00eatre incapable d\u2019en lire les plats, faute de traduction ?<br \/>\nVous \u00eates-vous d\u00e9j\u00e0 aventur\u00e9 dans une contr\u00e9e lointaine dont les panneaux indiquant les villes sont \u00e9crits dans un alphabet diff\u00e9rent du latin ?<br \/>\nCes situations sont proches de celles que peuvent rencontrer des personnes non francophones lorsqu\u2019elles souhaitent lire des livres jeunesse en fran\u00e7ais aux enfants.<\/p>\n","protected":false},"author":59,"featured_media":3620,"comment_status":"open","ping_status":"open","sticky":false,"template":"","format":"standard","meta":{"footnotes":""},"categories":[20],"tags":[64,375,373,374,377,376],"class_list":["post-3619","post","type-post","status-publish","format-standard","has-post-thumbnail","hentry","category-architecture-de-linformation","tag-bibliotheques","tag-lecture-multilingue","tag-linguistique","tag-linguistique-informatique","tag-litterature-jeunesse","tag-traduction"],"yoast_head":"<!-- This site is optimized with the Yoast SEO plugin v23.5 - https:\/\/yoast.com\/wordpress\/plugins\/seo\/ -->\n<title>Quand lire un livre \u00e0 ses enfants devient compliqu\u00e9 - Recherche d&#039;Id\u00e9eS<\/title>\n<meta name=\"robots\" content=\"index, follow, max-snippet:-1, max-image-preview:large, max-video-preview:-1\" \/>\n<link rel=\"canonical\" href=\"https:\/\/campus.hesge.ch\/blog-master-is\/quand-lire-un-livre-a-ses-enfants-devient-complique\/\" \/>\n<meta property=\"og:locale\" content=\"fr_FR\" \/>\n<meta property=\"og:type\" content=\"article\" \/>\n<meta property=\"og:title\" content=\"Quand lire un livre \u00e0 ses enfants devient compliqu\u00e9 - Recherche d&#039;Id\u00e9eS\" \/>\n<meta property=\"og:description\" content=\"Vous est-il d\u00e9j\u00e0 arriv\u00e9 d\u2019avoir une carte de menu dans les mains et d\u2019\u00eatre incapable d\u2019en lire les plats, faute de traduction ? Vous \u00eates-vous d\u00e9j\u00e0 aventur\u00e9 dans une contr\u00e9e lointaine dont les panneaux indiquant les villes sont \u00e9crits dans un alphabet diff\u00e9rent du latin ? Ces situations sont proches de celles que peuvent rencontrer des personnes non francophones lorsqu\u2019elles souhaitent lire des livres jeunesse en fran\u00e7ais aux enfants.\" \/>\n<meta property=\"og:url\" content=\"https:\/\/campus.hesge.ch\/blog-master-is\/quand-lire-un-livre-a-ses-enfants-devient-complique\/\" \/>\n<meta property=\"og:site_name\" content=\"Recherche d&#039;Id\u00e9eS\" \/>\n<meta property=\"article:published_time\" content=\"2021-11-04T09:21:00+00:00\" \/>\n<meta property=\"article:modified_time\" content=\"2021-11-11T07:27:48+00:00\" \/>\n<meta property=\"og:image\" content=\"https:\/\/campus.hesge.ch\/blog-master-is\/wp-content\/uploads\/2021\/10\/Capture-d\u2019\u00e9cran-2021-09-16-\u00e0-14.23.20.png\" \/>\n\t<meta property=\"og:image:width\" content=\"1258\" \/>\n\t<meta property=\"og:image:height\" content=\"1036\" \/>\n\t<meta property=\"og:image:type\" content=\"image\/png\" \/>\n<meta name=\"author\" content=\"Diane\" \/>\n<meta name=\"twitter:card\" content=\"summary_large_image\" \/>\n<meta name=\"twitter:label1\" content=\"\u00c9crit par\" \/>\n\t<meta name=\"twitter:data1\" content=\"Diane\" \/>\n\t<meta name=\"twitter:label2\" content=\"Dur\u00e9e de lecture estim\u00e9e\" \/>\n\t<meta name=\"twitter:data2\" content=\"4 minutes\" \/>\n<script type=\"application\/ld+json\" class=\"yoast-schema-graph\">{\"@context\":\"https:\/\/schema.org\",\"@graph\":[{\"@type\":\"WebPage\",\"@id\":\"https:\/\/campus.hesge.ch\/blog-master-is\/quand-lire-un-livre-a-ses-enfants-devient-complique\/\",\"url\":\"https:\/\/campus.hesge.ch\/blog-master-is\/quand-lire-un-livre-a-ses-enfants-devient-complique\/\",\"name\":\"Quand lire un livre \u00e0 ses enfants devient compliqu\u00e9 - Recherche d&#039;Id\u00e9eS\",\"isPartOf\":{\"@id\":\"https:\/\/campus.hesge.ch\/blog-master-is\/#website\"},\"primaryImageOfPage\":{\"@id\":\"https:\/\/campus.hesge.ch\/blog-master-is\/quand-lire-un-livre-a-ses-enfants-devient-complique\/#primaryimage\"},\"image\":{\"@id\":\"https:\/\/campus.hesge.ch\/blog-master-is\/quand-lire-un-livre-a-ses-enfants-devient-complique\/#primaryimage\"},\"thumbnailUrl\":\"https:\/\/campus.hesge.ch\/blog-master-is\/wp-content\/uploads\/2021\/10\/Capture-d\u2019\u00e9cran-2021-09-16-\u00e0-14.23.20.png\",\"datePublished\":\"2021-11-04T09:21:00+00:00\",\"dateModified\":\"2021-11-11T07:27:48+00:00\",\"author\":{\"@id\":\"https:\/\/campus.hesge.ch\/blog-master-is\/#\/schema\/person\/5b2bb3d4dbeeac8ac3175654630c7ef3\"},\"breadcrumb\":{\"@id\":\"https:\/\/campus.hesge.ch\/blog-master-is\/quand-lire-un-livre-a-ses-enfants-devient-complique\/#breadcrumb\"},\"inLanguage\":\"fr-FR\",\"potentialAction\":[{\"@type\":\"ReadAction\",\"target\":[\"https:\/\/campus.hesge.ch\/blog-master-is\/quand-lire-un-livre-a-ses-enfants-devient-complique\/\"]}]},{\"@type\":\"ImageObject\",\"inLanguage\":\"fr-FR\",\"@id\":\"https:\/\/campus.hesge.ch\/blog-master-is\/quand-lire-un-livre-a-ses-enfants-devient-complique\/#primaryimage\",\"url\":\"https:\/\/campus.hesge.ch\/blog-master-is\/wp-content\/uploads\/2021\/10\/Capture-d\u2019\u00e9cran-2021-09-16-\u00e0-14.23.20.png\",\"contentUrl\":\"https:\/\/campus.hesge.ch\/blog-master-is\/wp-content\/uploads\/2021\/10\/Capture-d\u2019\u00e9cran-2021-09-16-\u00e0-14.23.20.png\",\"width\":1258,\"height\":1036},{\"@type\":\"BreadcrumbList\",\"@id\":\"https:\/\/campus.hesge.ch\/blog-master-is\/quand-lire-un-livre-a-ses-enfants-devient-complique\/#breadcrumb\",\"itemListElement\":[{\"@type\":\"ListItem\",\"position\":1,\"name\":\"Accueil\",\"item\":\"https:\/\/campus.hesge.ch\/blog-master-is\/\"},{\"@type\":\"ListItem\",\"position\":2,\"name\":\"Quand lire un livre \u00e0 ses enfants devient compliqu\u00e9\"}]},{\"@type\":\"WebSite\",\"@id\":\"https:\/\/campus.hesge.ch\/blog-master-is\/#website\",\"url\":\"https:\/\/campus.hesge.ch\/blog-master-is\/\",\"name\":\"Recherche d&#039;Id\u00e9eS\",\"description\":\"Carnet de recherche des \u00e9tudiants du Master en sciences de l&#039;information et des donn\u00e9es (Information Science - IS) de la Haute \u00e9cole de gestion de Gen\u00e8ve\",\"potentialAction\":[{\"@type\":\"SearchAction\",\"target\":{\"@type\":\"EntryPoint\",\"urlTemplate\":\"https:\/\/campus.hesge.ch\/blog-master-is\/?s={search_term_string}\"},\"query-input\":{\"@type\":\"PropertyValueSpecification\",\"valueRequired\":true,\"valueName\":\"search_term_string\"}}],\"inLanguage\":\"fr-FR\"},{\"@type\":\"Person\",\"@id\":\"https:\/\/campus.hesge.ch\/blog-master-is\/#\/schema\/person\/5b2bb3d4dbeeac8ac3175654630c7ef3\",\"name\":\"Diane\",\"image\":{\"@type\":\"ImageObject\",\"inLanguage\":\"fr-FR\",\"@id\":\"https:\/\/campus.hesge.ch\/blog-master-is\/#\/schema\/person\/image\/\",\"url\":\"https:\/\/secure.gravatar.com\/avatar\/61595a09323ff07b7f5580b099717e4c?s=96&d=mm&r=g\",\"contentUrl\":\"https:\/\/secure.gravatar.com\/avatar\/61595a09323ff07b7f5580b099717e4c?s=96&d=mm&r=g\",\"caption\":\"Diane\"},\"url\":\"https:\/\/campus.hesge.ch\/blog-master-is\/author\/diane\/\"}]}<\/script>\n<!-- \/ Yoast SEO plugin. -->","yoast_head_json":{"title":"Quand lire un livre \u00e0 ses enfants devient compliqu\u00e9 - Recherche d&#039;Id\u00e9eS","robots":{"index":"index","follow":"follow","max-snippet":"max-snippet:-1","max-image-preview":"max-image-preview:large","max-video-preview":"max-video-preview:-1"},"canonical":"https:\/\/campus.hesge.ch\/blog-master-is\/quand-lire-un-livre-a-ses-enfants-devient-complique\/","og_locale":"fr_FR","og_type":"article","og_title":"Quand lire un livre \u00e0 ses enfants devient compliqu\u00e9 - Recherche d&#039;Id\u00e9eS","og_description":"Vous est-il d\u00e9j\u00e0 arriv\u00e9 d\u2019avoir une carte de menu dans les mains et d\u2019\u00eatre incapable d\u2019en lire les plats, faute de traduction ? Vous \u00eates-vous d\u00e9j\u00e0 aventur\u00e9 dans une contr\u00e9e lointaine dont les panneaux indiquant les villes sont \u00e9crits dans un alphabet diff\u00e9rent du latin ? Ces situations sont proches de celles que peuvent rencontrer des personnes non francophones lorsqu\u2019elles souhaitent lire des livres jeunesse en fran\u00e7ais aux enfants.","og_url":"https:\/\/campus.hesge.ch\/blog-master-is\/quand-lire-un-livre-a-ses-enfants-devient-complique\/","og_site_name":"Recherche d&#039;Id\u00e9eS","article_published_time":"2021-11-04T09:21:00+00:00","article_modified_time":"2021-11-11T07:27:48+00:00","og_image":[{"width":1258,"height":1036,"url":"https:\/\/campus.hesge.ch\/blog-master-is\/wp-content\/uploads\/2021\/10\/Capture-d\u2019\u00e9cran-2021-09-16-\u00e0-14.23.20.png","type":"image\/png"}],"author":"Diane","twitter_card":"summary_large_image","twitter_misc":{"\u00c9crit par":"Diane","Dur\u00e9e de lecture estim\u00e9e":"4 minutes"},"schema":{"@context":"https:\/\/schema.org","@graph":[{"@type":"WebPage","@id":"https:\/\/campus.hesge.ch\/blog-master-is\/quand-lire-un-livre-a-ses-enfants-devient-complique\/","url":"https:\/\/campus.hesge.ch\/blog-master-is\/quand-lire-un-livre-a-ses-enfants-devient-complique\/","name":"Quand lire un livre \u00e0 ses enfants devient compliqu\u00e9 - Recherche d&#039;Id\u00e9eS","isPartOf":{"@id":"https:\/\/campus.hesge.ch\/blog-master-is\/#website"},"primaryImageOfPage":{"@id":"https:\/\/campus.hesge.ch\/blog-master-is\/quand-lire-un-livre-a-ses-enfants-devient-complique\/#primaryimage"},"image":{"@id":"https:\/\/campus.hesge.ch\/blog-master-is\/quand-lire-un-livre-a-ses-enfants-devient-complique\/#primaryimage"},"thumbnailUrl":"https:\/\/campus.hesge.ch\/blog-master-is\/wp-content\/uploads\/2021\/10\/Capture-d\u2019\u00e9cran-2021-09-16-\u00e0-14.23.20.png","datePublished":"2021-11-04T09:21:00+00:00","dateModified":"2021-11-11T07:27:48+00:00","author":{"@id":"https:\/\/campus.hesge.ch\/blog-master-is\/#\/schema\/person\/5b2bb3d4dbeeac8ac3175654630c7ef3"},"breadcrumb":{"@id":"https:\/\/campus.hesge.ch\/blog-master-is\/quand-lire-un-livre-a-ses-enfants-devient-complique\/#breadcrumb"},"inLanguage":"fr-FR","potentialAction":[{"@type":"ReadAction","target":["https:\/\/campus.hesge.ch\/blog-master-is\/quand-lire-un-livre-a-ses-enfants-devient-complique\/"]}]},{"@type":"ImageObject","inLanguage":"fr-FR","@id":"https:\/\/campus.hesge.ch\/blog-master-is\/quand-lire-un-livre-a-ses-enfants-devient-complique\/#primaryimage","url":"https:\/\/campus.hesge.ch\/blog-master-is\/wp-content\/uploads\/2021\/10\/Capture-d\u2019\u00e9cran-2021-09-16-\u00e0-14.23.20.png","contentUrl":"https:\/\/campus.hesge.ch\/blog-master-is\/wp-content\/uploads\/2021\/10\/Capture-d\u2019\u00e9cran-2021-09-16-\u00e0-14.23.20.png","width":1258,"height":1036},{"@type":"BreadcrumbList","@id":"https:\/\/campus.hesge.ch\/blog-master-is\/quand-lire-un-livre-a-ses-enfants-devient-complique\/#breadcrumb","itemListElement":[{"@type":"ListItem","position":1,"name":"Accueil","item":"https:\/\/campus.hesge.ch\/blog-master-is\/"},{"@type":"ListItem","position":2,"name":"Quand lire un livre \u00e0 ses enfants devient compliqu\u00e9"}]},{"@type":"WebSite","@id":"https:\/\/campus.hesge.ch\/blog-master-is\/#website","url":"https:\/\/campus.hesge.ch\/blog-master-is\/","name":"Recherche d&#039;Id\u00e9eS","description":"Carnet de recherche des \u00e9tudiants du Master en sciences de l&#039;information et des donn\u00e9es (Information Science - IS) de la Haute \u00e9cole de gestion de Gen\u00e8ve","potentialAction":[{"@type":"SearchAction","target":{"@type":"EntryPoint","urlTemplate":"https:\/\/campus.hesge.ch\/blog-master-is\/?s={search_term_string}"},"query-input":{"@type":"PropertyValueSpecification","valueRequired":true,"valueName":"search_term_string"}}],"inLanguage":"fr-FR"},{"@type":"Person","@id":"https:\/\/campus.hesge.ch\/blog-master-is\/#\/schema\/person\/5b2bb3d4dbeeac8ac3175654630c7ef3","name":"Diane","image":{"@type":"ImageObject","inLanguage":"fr-FR","@id":"https:\/\/campus.hesge.ch\/blog-master-is\/#\/schema\/person\/image\/","url":"https:\/\/secure.gravatar.com\/avatar\/61595a09323ff07b7f5580b099717e4c?s=96&d=mm&r=g","contentUrl":"https:\/\/secure.gravatar.com\/avatar\/61595a09323ff07b7f5580b099717e4c?s=96&d=mm&r=g","caption":"Diane"},"url":"https:\/\/campus.hesge.ch\/blog-master-is\/author\/diane\/"}]}},"_links":{"self":[{"href":"https:\/\/campus.hesge.ch\/blog-master-is\/wp-json\/wp\/v2\/posts\/3619","targetHints":{"allow":["GET"]}}],"collection":[{"href":"https:\/\/campus.hesge.ch\/blog-master-is\/wp-json\/wp\/v2\/posts"}],"about":[{"href":"https:\/\/campus.hesge.ch\/blog-master-is\/wp-json\/wp\/v2\/types\/post"}],"author":[{"embeddable":true,"href":"https:\/\/campus.hesge.ch\/blog-master-is\/wp-json\/wp\/v2\/users\/59"}],"replies":[{"embeddable":true,"href":"https:\/\/campus.hesge.ch\/blog-master-is\/wp-json\/wp\/v2\/comments?post=3619"}],"version-history":[{"count":7,"href":"https:\/\/campus.hesge.ch\/blog-master-is\/wp-json\/wp\/v2\/posts\/3619\/revisions"}],"predecessor-version":[{"id":3666,"href":"https:\/\/campus.hesge.ch\/blog-master-is\/wp-json\/wp\/v2\/posts\/3619\/revisions\/3666"}],"wp:featuredmedia":[{"embeddable":true,"href":"https:\/\/campus.hesge.ch\/blog-master-is\/wp-json\/wp\/v2\/media\/3620"}],"wp:attachment":[{"href":"https:\/\/campus.hesge.ch\/blog-master-is\/wp-json\/wp\/v2\/media?parent=3619"}],"wp:term":[{"taxonomy":"category","embeddable":true,"href":"https:\/\/campus.hesge.ch\/blog-master-is\/wp-json\/wp\/v2\/categories?post=3619"},{"taxonomy":"post_tag","embeddable":true,"href":"https:\/\/campus.hesge.ch\/blog-master-is\/wp-json\/wp\/v2\/tags?post=3619"}],"curies":[{"name":"wp","href":"https:\/\/api.w.org\/{rel}","templated":true}]}}