{"id":1716,"date":"2015-01-06T16:28:07","date_gmt":"2015-01-06T15:28:07","guid":{"rendered":"http:\/\/head.hesge.ch\/art\/?p=1716"},"modified":"2015-01-07T10:53:36","modified_gmt":"2015-01-07T09:53:36","slug":"portes-ouvertes-du-departement-arts-visuels","status":"publish","type":"post","link":"https:\/\/campus.hesge.ch\/head-artsvisuels\/portes-ouvertes-du-departement-arts-visuels\/","title":{"rendered":"Les portes ouvertes du D\u00e9partement Arts visuels"},"content":{"rendered":"<p>16 janvier 2015 &#8211; 17 janvier 2015<br \/>\nPortes ouvertes de la HEAD &#8211; Gen\u00e8ve<\/p>\n<p>Le vendredi 16 janvier 2015 de 16h \u00e0 20h<br \/>\nEt le samedi 17 janvier 2015 de 9h \u00e0 16h<\/p>\n<p>A cette occasion, le D\u00e9partement Arts visuels propose un intense programme de rencontres, qui se tient au B\u00e2timent du Boulevard Helv\u00e9tique, croisant pr\u00e9sentation par ses responsables p\u00e9dagogiques, et invitations \u00e0 de jeunes artistes et curateurs, r\u00e9cemment dipl\u00f4m\u00e9s de la HEAD &#8211; Gen\u00e8ve, \u00e0 venir partager leur exp\u00e9rience.<\/p>\n<p>Programme :<\/p>\n<p>Vendredi 16.01 \u00e0 17 h<br \/>\nPr\u00e9sentation du D\u00e9partement Arts visuels<br \/>\nPar Yann Chateign\u00e9, Katrin Kettenacker et Odile Quennoz<\/p>\n<p>Vendredi 16.01 \u00e0 19h<br \/>\nLaurence Wagner, directrice du Th\u00e9\u00e2tre de l&rsquo;Usine, Gen\u00e8ve<br \/>\nEn conversation avec Yann Chateign\u00e9, Responsable du D\u00e9partement Arts visuels<\/p>\n<p>Samedi 17.01 \u00e0 11 h<br \/>\nConditions d\u2019admissions Arts visuels et Cin\u00e9ma<br \/>\nPar Lysianne L\u00e9chot-Hirt, Coordinatrice de l&rsquo;enseignement<\/p>\n<p>Samedi 17.01 \u00e0 12h<br \/>\nPr\u00e9sentation du D\u00e9partement Arts visuels<br \/>\nPar Yann Chateign\u00e9, Katrin Kettenacker et Odile Quennoz<\/p>\n<p>Samedi 17.01 \u00e0 13h<br \/>\nJosse Bailly, artiste<br \/>\nEn conversation avec Yann Chateign\u00e9, Responsable du D\u00e9partement Arts visuels<\/p>\n<p>Samedi 17.01 \u00e0 14h<br \/>\nSonia Kacem, artiste<br \/>\nEn conversation avec Yann Chateign\u00e9, Responsable du D\u00e9partement Arts visuels<\/p>\n<p>Samedi 17.01 \u00e0 15h<br \/>\nPr\u00e9sentation du D\u00e9partement Arts visuels<br \/>\nPar Yann Chateign\u00e9, Katrin Kettenacker et Odile Quennoz<\/p>\n<p>Boulevard Helv\u00e9tique, Auditoire<br \/>\nSalle 25<\/p>\n","protected":false},"excerpt":{"rendered":"<p>16 janvier 2015 &#8211; 17 janvier 2015 Portes ouvertes de la HEAD &#8211; Gen\u00e8ve Le vendredi 16 janvier 2015 de 16h \u00e0 20h Et le samedi 17 janvier 2015 de 9h \u00e0 16h A cette occasion, le D\u00e9partement Arts visuels propose un intense programme de rencontres, qui se tient au B\u00e2timent du Boulevard Helv\u00e9tique, croisant [&hellip;]<\/p>\n","protected":false},"author":3,"featured_media":0,"comment_status":"closed","ping_status":"closed","sticky":false,"template":"","format":"standard","meta":{"_acf_changed":false,"footnotes":""},"categories":[6],"tags":[],"class_list":["post-1716","post","type-post","status-publish","format-standard","hentry","category-evenement","lieux-head-bd-helvetique","organisations-arts-visuels"],"acf":[],"_links":{"self":[{"href":"https:\/\/campus.hesge.ch\/head-artsvisuels\/wp-json\/wp\/v2\/posts\/1716"}],"collection":[{"href":"https:\/\/campus.hesge.ch\/head-artsvisuels\/wp-json\/wp\/v2\/posts"}],"about":[{"href":"https:\/\/campus.hesge.ch\/head-artsvisuels\/wp-json\/wp\/v2\/types\/post"}],"author":[{"embeddable":true,"href":"https:\/\/campus.hesge.ch\/head-artsvisuels\/wp-json\/wp\/v2\/users\/3"}],"replies":[{"embeddable":true,"href":"https:\/\/campus.hesge.ch\/head-artsvisuels\/wp-json\/wp\/v2\/comments?post=1716"}],"version-history":[{"count":4,"href":"https:\/\/campus.hesge.ch\/head-artsvisuels\/wp-json\/wp\/v2\/posts\/1716\/revisions"}],"predecessor-version":[{"id":1731,"href":"https:\/\/campus.hesge.ch\/head-artsvisuels\/wp-json\/wp\/v2\/posts\/1716\/revisions\/1731"}],"wp:attachment":[{"href":"https:\/\/campus.hesge.ch\/head-artsvisuels\/wp-json\/wp\/v2\/media?parent=1716"}],"wp:term":[{"taxonomy":"category","embeddable":true,"href":"https:\/\/campus.hesge.ch\/head-artsvisuels\/wp-json\/wp\/v2\/categories?post=1716"},{"taxonomy":"post_tag","embeddable":true,"href":"https:\/\/campus.hesge.ch\/head-artsvisuels\/wp-json\/wp\/v2\/tags?post=1716"}],"curies":[{"name":"wp","href":"https:\/\/api.w.org\/{rel}","templated":true}]}}