{"id":1743,"date":"2015-01-10T17:54:01","date_gmt":"2015-01-10T16:54:01","guid":{"rendered":"http:\/\/head.hesge.ch\/art\/?p=1743"},"modified":"2015-01-21T21:12:43","modified_gmt":"2015-01-21T20:12:43","slug":"plattform-15","status":"publish","type":"post","link":"https:\/\/campus.hesge.ch\/head-artsvisuels\/plattform-15\/","title":{"rendered":"Camille Besson, Vianney Fivel et Quentin Lannes : Plattform 15 \u00e0 Z\u00fcrich"},"content":{"rendered":"<p>Plattform 15<\/p>\n<div>Camille Besson &amp; Vianney Fivel \/ Clifford E. Bruckmann \/ Nicolas Delaroche \/ C\u00e9dric Eisenring \/ Gina Folly \/ Dijan Kahrimanovic \/ Sabrina Labis \/ Quentin Lannes \/ Nihan Somay \/ Lena Maria Th\u00fcring \/ Baker Wardlaw12.-21.03.2015ewz-Unterwerk Selnau<br \/>\nSelnaustrasse 25<br \/>\n8001 Z\u00fcrichWeitere Informationen unter:<br \/>\nPour plus d&rsquo;informations:<br \/>\nwww.kunstwollen.ch<\/p>\n<\/div>\n<div>info@kunstwollen.chSave the Date: Vernissage Plattform 15<br \/>\nMittwoch 11. M\u00e4rz \/ Mercredi 11 mars<br \/>\nab \/ \u00e0 partir de 18hVom 12. bis 21. M\u00e4rz gibt Plattform 15 erneut Einblick in das aktuelle Kunstschaffen in der Schweiz. K\u00fcnstlerinnen und K\u00fcnstler, die im Jahr zuvor eine Kunsthochschule abgeschlossen haben, zeigen neue Arbeiten in den ehemaligen Werkhallen des ewz-Unterwerks Selnau in Z\u00fcrich. Ausgew\u00e4hlt wurden die Positionen durch eine j\u00e4hrlich neu zusammengesetzte Jury aus ebenfalls jungen Kunsthistorikerinnen und Kunsthistorikern.<\/div>\n<div>Du 12 au 21 mars, Plattform 15 propose de nouveau un aper\u00e7u de la cr\u00e9ation artistique actuelle en Suisse. Des artistes r\u00e9cemment dipl\u00f4m\u00e9s d&rsquo;une \u00e9cole d&rsquo;art pr\u00e9sentent leurs travaux les plus r\u00e9cents dans les anciennes halles industrielles du ewz-Unterwerk Selnau \u00e0 Zurich. La s\u00e9lection des artistes est effectu\u00e9e par un jury renouvel\u00e9 chaque ann\u00e9e, constitu\u00e9 de jeunes historiennes et historiens de l&rsquo;art.In Partnerschaft mit \/ En partenariat avec:<br \/>\nNationale Suisse KunstpreisMit der Unterst\u00fctzung von \/ Avec le soutien de:<br \/>\newz &#8211; Die Energie; Egon-und-Ingrid-Hug-Stiftung<\/div>\n","protected":false},"excerpt":{"rendered":"<p>Plattform 15 Camille Besson &amp; Vianney Fivel \/ Clifford E. Bruckmann \/ Nicolas Delaroche \/ C\u00e9dric Eisenring \/ Gina Folly \/ Dijan Kahrimanovic \/ Sabrina Labis \/ Quentin Lannes \/ Nihan Somay \/ Lena Maria Th\u00fcring \/ Baker Wardlaw12.-21.03.2015ewz-Unterwerk Selnau Selnaustrasse 25 8001 Z\u00fcrichWeitere Informationen unter: Pour plus d&rsquo;informations: www.kunstwollen.ch info@kunstwollen.chSave the Date: Vernissage Plattform [&hellip;]<\/p>\n","protected":false},"author":3,"featured_media":0,"comment_status":"closed","ping_status":"closed","sticky":false,"template":"","format":"standard","meta":{"_acf_changed":false,"footnotes":""},"categories":[80],"tags":[],"class_list":["post-1743","post","type-post","status-publish","format-standard","hentry","category-exposition","organisations-alumni","organisations-etudiant-e-s"],"acf":[],"_links":{"self":[{"href":"https:\/\/campus.hesge.ch\/head-artsvisuels\/wp-json\/wp\/v2\/posts\/1743"}],"collection":[{"href":"https:\/\/campus.hesge.ch\/head-artsvisuels\/wp-json\/wp\/v2\/posts"}],"about":[{"href":"https:\/\/campus.hesge.ch\/head-artsvisuels\/wp-json\/wp\/v2\/types\/post"}],"author":[{"embeddable":true,"href":"https:\/\/campus.hesge.ch\/head-artsvisuels\/wp-json\/wp\/v2\/users\/3"}],"replies":[{"embeddable":true,"href":"https:\/\/campus.hesge.ch\/head-artsvisuels\/wp-json\/wp\/v2\/comments?post=1743"}],"version-history":[{"count":4,"href":"https:\/\/campus.hesge.ch\/head-artsvisuels\/wp-json\/wp\/v2\/posts\/1743\/revisions"}],"predecessor-version":[{"id":1783,"href":"https:\/\/campus.hesge.ch\/head-artsvisuels\/wp-json\/wp\/v2\/posts\/1743\/revisions\/1783"}],"wp:attachment":[{"href":"https:\/\/campus.hesge.ch\/head-artsvisuels\/wp-json\/wp\/v2\/media?parent=1743"}],"wp:term":[{"taxonomy":"category","embeddable":true,"href":"https:\/\/campus.hesge.ch\/head-artsvisuels\/wp-json\/wp\/v2\/categories?post=1743"},{"taxonomy":"post_tag","embeddable":true,"href":"https:\/\/campus.hesge.ch\/head-artsvisuels\/wp-json\/wp\/v2\/tags?post=1743"}],"curies":[{"name":"wp","href":"https:\/\/api.w.org\/{rel}","templated":true}]}}