{"id":1762,"date":"2015-01-21T12:32:54","date_gmt":"2015-01-21T11:32:54","guid":{"rendered":"http:\/\/head.hesge.ch\/art\/?p=1762"},"modified":"2016-01-04T12:00:18","modified_gmt":"2016-01-04T11:00:18","slug":"conference-carmen-morsch","status":"publish","type":"post","link":"https:\/\/campus.hesge.ch\/head-artsvisuels\/conference-carmen-morsch\/","title":{"rendered":"De l&rsquo;impr\u00e9visibilit\u00e9 avec Carmen M\u00f6rsch"},"content":{"rendered":"<p class=\"p1\"><b>DE L\u2019IMPR\u00c9VISIBILIT\u00c9 DANS LES PRATIQUES ARTISTIQUES SOCIALEMENT ENGAG\u00c9ES ET LA M\u00c9DIATION<\/b><\/p>\n<p class=\"p2\">PREMI\u00c8RE SESSION D\u2019UNE S\u00c9RIE DE RENCONTRES<\/p>\n<p class=\"p3\"><b>Carmen M\u00f6rsch<br \/>\n<\/b><\/p>\n<p class=\"p4\">mardi 10 mars 2015 \u2013 18:30<\/p>\n<p class=\"p4\">\u00a0 TU \u2013 Th\u00e9\u00e2tre de l\u2019Usine<\/p>\n<p class=\"p5\">(4, Place des Volontaires, salle de r\u00e9p\u00e9tition du 1er \u00e9tage, derri\u00e8re le Spoutnik)<\/p>\n<p class=\"p5\">Mod\u00e9ration :\u00a0microsillons\u00a0et\u00a0les \u00e9tudiants du Master TRANS<\/p>\n<p class=\"p5\">En collaboration avec les m\u00e9diatrices du TU<\/p>\n<p class=\"p9\">Cette s\u00e9rie de rencontres ouvre un cadre de discussion sur l\u2019importance que joue l\u2019impr\u00e9visibilit\u00e9 dans les processus artistiques et p\u00e9dagogiques. Quels enjeux politiques et \u00e9thiques sont li\u00e9s \u00e0 la mise en place de ce type de processus ? Comment des pratiques aux r\u00e9sultats ind\u00e9termin\u00e9s \u00a0peuvent-elles \u00eatre compatibles avec les exigences des institutions culturelles ? Quelle place peut occuper l\u2019impr\u00e9visibilit\u00e9 dans une soci\u00e9t\u00e9 o\u00f9 la ma\u00eetrise du risque est une pr\u00e9occupation majeure ?<\/p>\n<p class=\"p9\">CARMEN M\u00d6RSCH est artiste et m\u00e9diatrice. Elle est actuellement directrice de l\u2019Institute for Art Education \u00e0 la Z\u00fcrcher Hochschule der K\u00fcnste. Elle m\u00e8ne de nombreux projets de m\u00e9diation et de recherche dans ce domaine, notamment dans le cadre de la documenta 12. Dans de nombreux textes, elle d\u00e9veloppe une r\u00e9flexion critique sur les liens entre art et \u00e9ducation.<\/p>\n<p class=\"p9\">Une proposition du Master TRANS de la Haute \u00e9cole d\u2019art et de design \u2013 Gen\u00e8ve et du TU.<\/p>\n<p class=\"p10\"><span class=\"s1\">Master TRANS:\u00a0<a href=\"http:\/\/www.hesge.ch\/head\/formations-recherche\/master-arts-visuels-trans\"><span class=\"s2\">http:\/\/www.hesge.ch\/head\/formations-recherche\/master-arts-visuels-trans<\/span><\/a><\/span><\/p>\n<p class=\"p10\"><span class=\"s1\">TU :\u00a0<a href=\"http:\/\/www.theatredelusine.ch\/\"><span class=\"s2\">http:\/\/www.theatredelusine.ch<\/span><\/a><\/span><\/p>\n","protected":false},"excerpt":{"rendered":"<p>DE L\u2019IMPR\u00c9VISIBILIT\u00c9 DANS LES PRATIQUES ARTISTIQUES SOCIALEMENT ENGAG\u00c9ES ET LA M\u00c9DIATION PREMI\u00c8RE SESSION D\u2019UNE S\u00c9RIE DE RENCONTRES Carmen M\u00f6rsch mardi 10 mars 2015 \u2013 18:30 \u00a0 TU \u2013 Th\u00e9\u00e2tre de l\u2019Usine (4, Place des Volontaires, salle de r\u00e9p\u00e9tition du 1er \u00e9tage, derri\u00e8re le Spoutnik) Mod\u00e9ration :\u00a0microsillons\u00a0et\u00a0les \u00e9tudiants du Master TRANS En collaboration avec les m\u00e9diatrices [&hellip;]<\/p>\n","protected":false},"author":3,"featured_media":0,"comment_status":"closed","ping_status":"closed","sticky":false,"template":"","format":"standard","meta":{"_acf_changed":false,"footnotes":""},"categories":[3],"tags":[],"class_list":["post-1762","post","type-post","status-publish","format-standard","hentry","category-rencontre","organisations-trans"],"acf":[],"_links":{"self":[{"href":"https:\/\/campus.hesge.ch\/head-artsvisuels\/wp-json\/wp\/v2\/posts\/1762"}],"collection":[{"href":"https:\/\/campus.hesge.ch\/head-artsvisuels\/wp-json\/wp\/v2\/posts"}],"about":[{"href":"https:\/\/campus.hesge.ch\/head-artsvisuels\/wp-json\/wp\/v2\/types\/post"}],"author":[{"embeddable":true,"href":"https:\/\/campus.hesge.ch\/head-artsvisuels\/wp-json\/wp\/v2\/users\/3"}],"replies":[{"embeddable":true,"href":"https:\/\/campus.hesge.ch\/head-artsvisuels\/wp-json\/wp\/v2\/comments?post=1762"}],"version-history":[{"count":5,"href":"https:\/\/campus.hesge.ch\/head-artsvisuels\/wp-json\/wp\/v2\/posts\/1762\/revisions"}],"predecessor-version":[{"id":2359,"href":"https:\/\/campus.hesge.ch\/head-artsvisuels\/wp-json\/wp\/v2\/posts\/1762\/revisions\/2359"}],"wp:attachment":[{"href":"https:\/\/campus.hesge.ch\/head-artsvisuels\/wp-json\/wp\/v2\/media?parent=1762"}],"wp:term":[{"taxonomy":"category","embeddable":true,"href":"https:\/\/campus.hesge.ch\/head-artsvisuels\/wp-json\/wp\/v2\/categories?post=1762"},{"taxonomy":"post_tag","embeddable":true,"href":"https:\/\/campus.hesge.ch\/head-artsvisuels\/wp-json\/wp\/v2\/tags?post=1762"}],"curies":[{"name":"wp","href":"https:\/\/api.w.org\/{rel}","templated":true}]}}