{"id":1817,"date":"2015-01-28T11:35:47","date_gmt":"2015-01-28T10:35:47","guid":{"rendered":"http:\/\/head.hesge.ch\/art\/?p=1817"},"modified":"2015-01-28T14:05:46","modified_gmt":"2015-01-28T13:05:46","slug":"delphine-depres-les-temps-latents","status":"publish","type":"post","link":"https:\/\/campus.hesge.ch\/head-artsvisuels\/delphine-depres-les-temps-latents\/","title":{"rendered":"Delphine Depres &#8211; Les temps latents"},"content":{"rendered":"<p>Halle Nord &#8211; 1, place de l&rsquo;Ile &#8211; Gen\u00e8ve\u00a0 pr\u00e9sente le travail de Delphine Depres.<\/p>\n<p>Performance : mardi 03 f\u00e9vrier \u2013 19h<\/p>\n<p>ouverture du mardi au samedi. 14h \u2013 18h<\/p>\n<p>L&rsquo;installation activ\u00e9e lors d&rsquo;une performance met en sc\u00e8ne un rail de travelling circulaire, machinerie d\u00e9ploy\u00e9e pour la construction de l&rsquo;image cin\u00e9matographique, en faisant se succ\u00e9der des paysages miniatures constitu\u00e9s d&rsquo;ingr\u00e9dients simples. Sables, cendres, papiers sont assembl\u00e9s au fur et \u00e0 mesure devant la cam\u00e9ra et le public. Delphine Depres questionne notre rapport de spectateur au temps per\u00e7u en confrontant nos diff\u00e9rents niveaux d\u2019exp\u00e9rience de \u00ab temps r\u00e9el \u00bb gr\u00e2ce \u00e0 l&rsquo;image et au son pour un \u00ab micro spectacle total \u00bb.<\/p>\n<p>Exposition en collaboration avec <strong>d\u2019incise<\/strong>.<\/p>\n<p>&nbsp;<\/p>\n","protected":false},"excerpt":{"rendered":"<p>Halle Nord &#8211; 1, place de l&rsquo;Ile &#8211; Gen\u00e8ve\u00a0 pr\u00e9sente le travail de Delphine Depres. Performance : mardi 03 f\u00e9vrier \u2013 19h ouverture du mardi au samedi. 14h \u2013 18h L&rsquo;installation activ\u00e9e lors d&rsquo;une performance met en sc\u00e8ne un rail de travelling circulaire, machinerie d\u00e9ploy\u00e9e pour la construction de l&rsquo;image cin\u00e9matographique, en faisant se succ\u00e9der [&hellip;]<\/p>\n","protected":false},"author":6,"featured_media":0,"comment_status":"closed","ping_status":"closed","sticky":false,"template":"","format":"standard","meta":{"_acf_changed":false,"footnotes":""},"categories":[80],"tags":[],"class_list":["post-1817","post","type-post","status-publish","format-standard","hentry","category-exposition","organisations-alumni"],"acf":[],"_links":{"self":[{"href":"https:\/\/campus.hesge.ch\/head-artsvisuels\/wp-json\/wp\/v2\/posts\/1817"}],"collection":[{"href":"https:\/\/campus.hesge.ch\/head-artsvisuels\/wp-json\/wp\/v2\/posts"}],"about":[{"href":"https:\/\/campus.hesge.ch\/head-artsvisuels\/wp-json\/wp\/v2\/types\/post"}],"author":[{"embeddable":true,"href":"https:\/\/campus.hesge.ch\/head-artsvisuels\/wp-json\/wp\/v2\/users\/6"}],"replies":[{"embeddable":true,"href":"https:\/\/campus.hesge.ch\/head-artsvisuels\/wp-json\/wp\/v2\/comments?post=1817"}],"version-history":[{"count":2,"href":"https:\/\/campus.hesge.ch\/head-artsvisuels\/wp-json\/wp\/v2\/posts\/1817\/revisions"}],"predecessor-version":[{"id":1820,"href":"https:\/\/campus.hesge.ch\/head-artsvisuels\/wp-json\/wp\/v2\/posts\/1817\/revisions\/1820"}],"wp:attachment":[{"href":"https:\/\/campus.hesge.ch\/head-artsvisuels\/wp-json\/wp\/v2\/media?parent=1817"}],"wp:term":[{"taxonomy":"category","embeddable":true,"href":"https:\/\/campus.hesge.ch\/head-artsvisuels\/wp-json\/wp\/v2\/categories?post=1817"},{"taxonomy":"post_tag","embeddable":true,"href":"https:\/\/campus.hesge.ch\/head-artsvisuels\/wp-json\/wp\/v2\/tags?post=1817"}],"curies":[{"name":"wp","href":"https:\/\/api.w.org\/{rel}","templated":true}]}}