{"id":1856,"date":"2015-03-05T08:54:52","date_gmt":"2015-03-05T07:54:52","guid":{"rendered":"http:\/\/head.hesge.ch\/art\/?p=1856"},"modified":"2015-03-17T17:17:53","modified_gmt":"2015-03-17T16:17:53","slug":"%e2%9c%ae-flash-glam-trash-%e2%9c%ae","status":"publish","type":"post","link":"https:\/\/campus.hesge.ch\/head-artsvisuels\/%e2%9c%ae-flash-glam-trash-%e2%9c%ae\/","title":{"rendered":"\u272e FLASH GLAM TRASH \u272e"},"content":{"rendered":"<p>&nbsp;<\/p>\n<p>&nbsp;<\/p>\n<p><strong>Soir\u00e9e de cl\u00f4ture de l&rsquo;exposition THE DAY AFTER avec un programme in\u00e9dit de\u00a0vid\u00e9os d&rsquo;artistes au CINELUX et la suite de la soir\u00e9e \u00e0 l&rsquo;<\/strong><strong><a href=\"https:\/\/www.facebook.com\/collectif.sllab\" data-hovercard=\"\/ajax\/hovercard\/user.php?id=100002847352538\">Espace Labo<\/a><\/strong><strong>\u00a0! <\/strong><strong>\u00a0<\/strong><\/p>\n<p>&nbsp;<\/p>\n<p><strong>FLASH GLAM TRASH \u00a0\/\/\/\u00a0a-techno-f*ckin-visual-glamorous-outrageous-rhytm-with-an-amazing-selection-of-artists-with-glitter-obscene-marevellous-wtf-seducing-work&#8212;C&rsquo;MON!!!<\/strong><\/p>\n<p>&nbsp;<\/p>\n<p><strong>with:\u00a0<\/strong><strong><a href=\"https:\/\/www.facebook.com\/dielamb\" data-hovercard=\"\/ajax\/hovercard\/user.php?id=619734922\">Matt Lambert<\/a><\/strong>\u00a0\u272e<strong>\u00a0<\/strong><strong><a href=\"https:\/\/www.facebook.com\/maya.rochat.1\" data-hovercard=\"\/ajax\/hovercard\/user.php?id=1108970858\">Maya Rochat<\/a><\/strong>\u00a0\u272e<strong>\u00a0<\/strong><strong><a href=\"https:\/\/www.facebook.com\/bruce.labruce.1\" data-hovercard=\"\/ajax\/hovercard\/user.php?id=100001571695263\">Bruce LaBruce<\/a><\/strong>\u00a0\u272e<strong>\u00a0<\/strong><strong><a href=\"https:\/\/www.facebook.com\/NNNAGI\" data-hovercard=\"\/ajax\/hovercard\/user.php?id=1467615059\">Nagi Giann<\/a>i<\/strong><strong>\u00a0<\/strong>\u00a0\u272e<strong>\u00a0<\/strong><strong><a href=\"https:\/\/www.facebook.com\/sandmedia\" data-hovercard=\"\/ajax\/hovercard\/user.php?id=25824824\">Scott Andrew<\/a><\/strong>\u00a0\u272e<strong>\u00a0<\/strong><strong><a href=\"https:\/\/www.facebook.com\/ricciforte\" data-hovercard=\"\/ajax\/hovercard\/user.php?id=1524427564\">Ricci Forte<\/a><\/strong>\u00a0\u272e<strong>\u00a0<\/strong><strong><a href=\"https:\/\/www.facebook.com\/theburgergirl\" data-hovercard=\"\/ajax\/hovercard\/page.php?id=152186491505581\">The Burger Girl\/ Benjamin Dukhan<\/a><\/strong><strong>\u00a0&amp; Fran\u00e7ois Chaignaud<\/strong>\u00a0\u272e<strong>\u00a0<\/strong><strong><a href=\"https:\/\/www.facebook.com\/negrogothic\" data-hovercard=\"\/ajax\/hovercard\/user.php?id=1399420741\">Reginald M Lamar<\/a><\/strong><\/p>\n<p>&nbsp;<\/p>\n<p>&nbsp;<\/p>\n<p><strong>***********************************************************************************************************<\/strong><\/p>\n<p><strong>jeudi 3.03.2015 \u00a0\/\/\/ \u00a021h Cin\u00e9lux \u00a0\/\/\/ \u00a0<\/strong><strong>8 boulevard Saint-Georges, 1205 &#8211; Gen\u00e8ve \u00a0\/\/\/ \u00a08.- chf<\/strong><strong>\u00a0<\/strong><\/p>\n<p><strong>***********************************************************************************************************<\/strong><\/p>\n<p>&nbsp;<\/p>\n<p>&nbsp;<\/p>\n","protected":false},"excerpt":{"rendered":"<p>&nbsp; &nbsp; Soir\u00e9e de cl\u00f4ture de l&rsquo;exposition THE DAY AFTER avec un programme in\u00e9dit de\u00a0vid\u00e9os d&rsquo;artistes au CINELUX et la suite de la soir\u00e9e \u00e0 l&rsquo;Espace Labo\u00a0! \u00a0 &nbsp; FLASH GLAM TRASH \u00a0\/\/\/\u00a0a-techno-f*ckin-visual-glamorous-outrageous-rhytm-with-an-amazing-selection-of-artists-with-glitter-obscene-marevellous-wtf-seducing-work&#8212;C&rsquo;MON!!! &nbsp; with:\u00a0Matt Lambert\u00a0\u272e\u00a0Maya Rochat\u00a0\u272e\u00a0Bruce LaBruce\u00a0\u272e\u00a0Nagi Gianni\u00a0\u00a0\u272e\u00a0Scott Andrew\u00a0\u272e\u00a0Ricci Forte\u00a0\u272e\u00a0The Burger Girl\/ Benjamin Dukhan\u00a0&amp; Fran\u00e7ois Chaignaud\u00a0\u272e\u00a0Reginald M Lamar &nbsp; &nbsp; *********************************************************************************************************** jeudi 3.03.2015 \u00a0\/\/\/ [&hellip;]<\/p>\n","protected":false},"author":6,"featured_media":0,"comment_status":"closed","ping_status":"closed","sticky":false,"template":"","format":"standard","meta":{"_acf_changed":false,"footnotes":""},"categories":[80],"tags":[],"class_list":["post-1856","post","type-post","status-publish","format-standard","hentry","category-exposition","lieux-espace-labo","organisations-alumni"],"acf":[],"_links":{"self":[{"href":"https:\/\/campus.hesge.ch\/head-artsvisuels\/wp-json\/wp\/v2\/posts\/1856"}],"collection":[{"href":"https:\/\/campus.hesge.ch\/head-artsvisuels\/wp-json\/wp\/v2\/posts"}],"about":[{"href":"https:\/\/campus.hesge.ch\/head-artsvisuels\/wp-json\/wp\/v2\/types\/post"}],"author":[{"embeddable":true,"href":"https:\/\/campus.hesge.ch\/head-artsvisuels\/wp-json\/wp\/v2\/users\/6"}],"replies":[{"embeddable":true,"href":"https:\/\/campus.hesge.ch\/head-artsvisuels\/wp-json\/wp\/v2\/comments?post=1856"}],"version-history":[{"count":2,"href":"https:\/\/campus.hesge.ch\/head-artsvisuels\/wp-json\/wp\/v2\/posts\/1856\/revisions"}],"predecessor-version":[{"id":1887,"href":"https:\/\/campus.hesge.ch\/head-artsvisuels\/wp-json\/wp\/v2\/posts\/1856\/revisions\/1887"}],"wp:attachment":[{"href":"https:\/\/campus.hesge.ch\/head-artsvisuels\/wp-json\/wp\/v2\/media?parent=1856"}],"wp:term":[{"taxonomy":"category","embeddable":true,"href":"https:\/\/campus.hesge.ch\/head-artsvisuels\/wp-json\/wp\/v2\/categories?post=1856"},{"taxonomy":"post_tag","embeddable":true,"href":"https:\/\/campus.hesge.ch\/head-artsvisuels\/wp-json\/wp\/v2\/tags?post=1856"}],"curies":[{"name":"wp","href":"https:\/\/api.w.org\/{rel}","templated":true}]}}