{"id":1932,"date":"2015-04-15T15:01:42","date_gmt":"2015-04-15T13:01:42","guid":{"rendered":"http:\/\/head.hesge.ch\/art\/?p=1932"},"modified":"2015-04-15T15:01:42","modified_gmt":"2015-04-15T13:01:42","slug":"isaac-contreras-aux-mouettes-vevey","status":"publish","type":"post","link":"https:\/\/campus.hesge.ch\/head-artsvisuels\/isaac-contreras-aux-mouettes-vevey\/","title":{"rendered":"Isaac Contreras aux Mouettes, Vevey"},"content":{"rendered":"<p>Double Couper Swivel<br \/>\nUne exposition d\u2019Isaac Contreras<\/p>\n<p>Vernissage<br \/>\nle 19.04.2015 de 14 \u2013 22h<\/p>\n<p>Vitrines des Mouettes<br \/>\nPlace de l&rsquo;Ancien-Port 1<br \/>\n1800 Vevey<\/p>\n<p>Visible depuis l\u2019ext\u00e9rieur jusqu\u2019au 07.06.2015<\/p>\n<p>Le travail d\u2019Isaac Contreras prend comme point de d\u00e9part des formes pr\u00e9existantes qu\u2019il d\u00e9couvre dans des outils industriels ou des mat\u00e9riaux de constructions et les utilise dans des compositions formelles.<br \/>\nPar son utilisation de la photographie, de la sculpture et de l\u2019installation, ses \u0153uvres sont habituellement pr\u00e9sent\u00e9es comme l&rsquo;it\u00e9ration ou la r\u00e9p\u00e9tition d\u2019\u00e9l\u00e9ments qui r\u00e9agissent au contexte de l\u2019invitation. Le tout forme des sculptures modulaires et performatives qui viennent s\u2019inscrire dans une architecture sp\u00e9cifique.<br \/>\nPour Double Couper Swivel \u2013 son premier projet solo en Suisse \u2013, l\u2019artiste utilise les structures m\u00e9talliques que l\u2019on trouve habituellement sur les devantures des fen\u00eatres pour composer des dessins. Priv\u00e9es ici de toute fonction pratique, Isaac Contreras renverse le r\u00f4le de ces barri\u00e8res en les pla\u00e7ant \u00e0 l\u2019int\u00e9rieur des vitrines des Mouettes. Celles-ci deviennent alors le film de protection et le cadre de ces sculptures m\u00e9talliques, \u00e0 la mani\u00e8re d&rsquo;une installation mus\u00e9ale.<\/p>\n","protected":false},"excerpt":{"rendered":"<p>Double Couper Swivel Une exposition d\u2019Isaac Contreras Vernissage le 19.04.2015 de 14 \u2013 22h Vitrines des Mouettes Place de l&rsquo;Ancien-Port 1 1800 Vevey Visible depuis l\u2019ext\u00e9rieur jusqu\u2019au 07.06.2015 Le travail d\u2019Isaac Contreras prend comme point de d\u00e9part des formes pr\u00e9existantes qu\u2019il d\u00e9couvre dans des outils industriels ou des mat\u00e9riaux de constructions et les utilise dans [&hellip;]<\/p>\n","protected":false},"author":3,"featured_media":0,"comment_status":"closed","ping_status":"closed","sticky":false,"template":"","format":"standard","meta":{"_acf_changed":false,"footnotes":""},"categories":[80],"tags":[],"class_list":["post-1932","post","type-post","status-publish","format-standard","hentry","category-exposition","organisations-alumni","organisations-etudiant-e-s"],"acf":[],"_links":{"self":[{"href":"https:\/\/campus.hesge.ch\/head-artsvisuels\/wp-json\/wp\/v2\/posts\/1932"}],"collection":[{"href":"https:\/\/campus.hesge.ch\/head-artsvisuels\/wp-json\/wp\/v2\/posts"}],"about":[{"href":"https:\/\/campus.hesge.ch\/head-artsvisuels\/wp-json\/wp\/v2\/types\/post"}],"author":[{"embeddable":true,"href":"https:\/\/campus.hesge.ch\/head-artsvisuels\/wp-json\/wp\/v2\/users\/3"}],"replies":[{"embeddable":true,"href":"https:\/\/campus.hesge.ch\/head-artsvisuels\/wp-json\/wp\/v2\/comments?post=1932"}],"version-history":[{"count":1,"href":"https:\/\/campus.hesge.ch\/head-artsvisuels\/wp-json\/wp\/v2\/posts\/1932\/revisions"}],"predecessor-version":[{"id":1934,"href":"https:\/\/campus.hesge.ch\/head-artsvisuels\/wp-json\/wp\/v2\/posts\/1932\/revisions\/1934"}],"wp:attachment":[{"href":"https:\/\/campus.hesge.ch\/head-artsvisuels\/wp-json\/wp\/v2\/media?parent=1932"}],"wp:term":[{"taxonomy":"category","embeddable":true,"href":"https:\/\/campus.hesge.ch\/head-artsvisuels\/wp-json\/wp\/v2\/categories?post=1932"},{"taxonomy":"post_tag","embeddable":true,"href":"https:\/\/campus.hesge.ch\/head-artsvisuels\/wp-json\/wp\/v2\/tags?post=1932"}],"curies":[{"name":"wp","href":"https:\/\/api.w.org\/{rel}","templated":true}]}}