{"id":1962,"date":"2015-04-23T10:33:23","date_gmt":"2015-04-23T08:33:23","guid":{"rendered":"http:\/\/head.hesge.ch\/art\/?p=1962"},"modified":"2015-04-23T10:33:23","modified_gmt":"2015-04-23T08:33:23","slug":"99-failles-delphine-battiaz-marta-margnetti-geti-les-commodites-darrachetesyeux-fr","status":"publish","type":"post","link":"https:\/\/campus.hesge.ch\/head-artsvisuels\/99-failles-delphine-battiaz-marta-margnetti-geti-les-commodites-darrachetesyeux-fr\/","title":{"rendered":"99 failles : Delphine Battiaz &#038; Marta Margnetti (GE\/TI) \/ Les commodit\u00e9s d&rsquo;Arrachetesyeux (FR)"},"content":{"rendered":"<p>Le collectif NotOnlyKidsPlay vous invite \u00e0 d\u00e9couvrir deux installations dans le hall du 4\u00e8me \u00e9tage du B\u00e2timent de l&rsquo;Usine.<\/p>\n<p>Vernissage<span class=\"Apple-converted-space\">\u00a0<\/span><br \/>\nJEUDI 23\/04\/2015<br \/>\n18H<\/p>\n<p>Place des Volontaires 4<br \/>\nGen\u00e8ve<br \/>\nEntr\u00e9e principale<br \/>\nmontez avec l&rsquo;ascenseur<\/p>\n","protected":false},"excerpt":{"rendered":"<p>Le collectif NotOnlyKidsPlay vous invite \u00e0 d\u00e9couvrir deux installations dans le hall du 4\u00e8me \u00e9tage du B\u00e2timent de l&rsquo;Usine. Vernissage\u00a0 JEUDI 23\/04\/2015 18H Place des Volontaires 4 Gen\u00e8ve Entr\u00e9e principale montez avec l&rsquo;ascenseur<\/p>\n","protected":false},"author":6,"featured_media":0,"comment_status":"closed","ping_status":"closed","sticky":false,"template":"","format":"standard","meta":{"_acf_changed":false,"footnotes":""},"categories":[80],"tags":[],"class_list":["post-1962","post","type-post","status-publish","format-standard","hentry","category-exposition","organisations-alumni"],"acf":[],"_links":{"self":[{"href":"https:\/\/campus.hesge.ch\/head-artsvisuels\/wp-json\/wp\/v2\/posts\/1962"}],"collection":[{"href":"https:\/\/campus.hesge.ch\/head-artsvisuels\/wp-json\/wp\/v2\/posts"}],"about":[{"href":"https:\/\/campus.hesge.ch\/head-artsvisuels\/wp-json\/wp\/v2\/types\/post"}],"author":[{"embeddable":true,"href":"https:\/\/campus.hesge.ch\/head-artsvisuels\/wp-json\/wp\/v2\/users\/6"}],"replies":[{"embeddable":true,"href":"https:\/\/campus.hesge.ch\/head-artsvisuels\/wp-json\/wp\/v2\/comments?post=1962"}],"version-history":[{"count":1,"href":"https:\/\/campus.hesge.ch\/head-artsvisuels\/wp-json\/wp\/v2\/posts\/1962\/revisions"}],"predecessor-version":[{"id":1964,"href":"https:\/\/campus.hesge.ch\/head-artsvisuels\/wp-json\/wp\/v2\/posts\/1962\/revisions\/1964"}],"wp:attachment":[{"href":"https:\/\/campus.hesge.ch\/head-artsvisuels\/wp-json\/wp\/v2\/media?parent=1962"}],"wp:term":[{"taxonomy":"category","embeddable":true,"href":"https:\/\/campus.hesge.ch\/head-artsvisuels\/wp-json\/wp\/v2\/categories?post=1962"},{"taxonomy":"post_tag","embeddable":true,"href":"https:\/\/campus.hesge.ch\/head-artsvisuels\/wp-json\/wp\/v2\/tags?post=1962"}],"curies":[{"name":"wp","href":"https:\/\/api.w.org\/{rel}","templated":true}]}}