{"id":2056,"date":"2015-09-07T12:29:11","date_gmt":"2015-09-07T10:29:11","guid":{"rendered":"http:\/\/head.hesge.ch\/art\/?p=2056"},"modified":"2016-02-03T23:48:54","modified_gmt":"2016-02-03T22:48:54","slug":"emilie-ding-a-liveinyourhead-geneve","status":"publish","type":"post","link":"https:\/\/campus.hesge.ch\/head-artsvisuels\/emilie-ding-a-liveinyourhead-geneve\/","title":{"rendered":"Dry : Emilie Ding + Stephen O&rsquo;Malley"},"content":{"rendered":"<p><em>Dry\u00a0<\/em><\/p>\n<p>&nbsp;<\/p>\n<p>Emilie Ding<\/p>\n<p>Avec Stephen O&rsquo;Malley<\/p>\n<p>&nbsp;<\/p>\n<p>Vernissage<\/p>\n<p>Jeudi 01.10 d\u00e8s 18h<\/p>\n<p>Exposition<\/p>\n<p>02 \u2013 17.10.2015<\/p>\n<p>&nbsp;<\/p>\n<p>LiveInYourHead<\/p>\n<p>Institut curatorial de la HEAD &#8211; Gen\u00e8ve<\/p>\n<p>&nbsp;<\/p>\n<p>Sp\u00e9cifiquement pens\u00e9e pour l\u2019espace de LiveInYourHead, dont l\u2019architecture est modifi\u00e9e pour l\u2019occasion, <em>Dry<\/em> est met en sc\u00e8ne deux propositions\u00a0: l\u2019une, sculpturale, monumentale est con\u00e7ue \u00e0 l\u2019\u00e9chelle du lieu par l\u2019artiste Emilie Ding\u00a0; l\u2019autre, sonore, monotonale, vibratoire, est compos\u00e9e \u00e0 son invitation par le musicien Stephen O\u2019Malley. Toutes deux s\u2019attachent aux notions de <em>physicalit\u00e9<\/em>, d\u2019immersion, de densit\u00e9. L\u2019exposition s\u2019inscrit dans le cadre d\u2019une recherche au long cours portant sur l\u2019id\u00e9e de \u00ab\u00a0cimeti\u00e8re de sculptures\u00a0\u00bb\u00a0: qu\u00eate potentielle d\u2019un lieu retir\u00e9, sur le sol europ\u00e9en, qui puisse un jour accueillir des \u0153uvres monumentales, encombrantes, qui n\u2019auraient trouv\u00e9 ni d\u2019acqu\u00e9reur, ni de lieu de stockage aupr\u00e8s d\u2019institutions. Les \u0153uvres ainsi d\u00e9pos\u00e9es, auraient \u00e9t\u00e9 laiss\u00e9es aux al\u00e9as du climat et du temps.<\/p>\n<p>&nbsp;<\/p>\n<p>Cette vision, si elle avait d\u00e9j\u00e0 inspir\u00e9 Emilie Ding dans le pass\u00e9, comme en t\u00e9moignent des dessins tels <em>Cemetery of the Unwanted<\/em> (2008) ou <em>Erased<\/em> (2010),<\/p>\n<p>\u00e9tait aussi le point de d\u00e9part de son s\u00e9jour au Texas, en septembre 2013, dans le cadre de la r\u00e9sidence Fieldwork: Marfa. Celle-ci fut l\u2019occasion d\u2019une rencontre avec les \u0153uvres du Land Art am\u00e9ricain et avec leur alt\u00e9ration, avec les sites qui au Texas, en Arizona et au Nouveau Mexique entretiennent un lien avec la notion \u00e9tendue de cimeti\u00e8re, de paysage d\u00e9sertique propice \u00e0 la conservation des carcasses et des mythes.\u00a0<em>Dry<\/em> constitue l\u2019incarnation physique de ces visions arides et d\u00e9sol\u00e9es. Elle donne toute la mesure d\u2019un travail sculptural produisant de puissants effets de pr\u00e9sence, ayant recours \u00e0 des formes concr\u00e8tes souvent issues de l\u2019architecture industrielle, \u00e0 la fois brutes, mena\u00e7antes et subtiles.<\/p>\n<p>&nbsp;<\/p>\n<p>Emilie Ding est n\u00e9e en 1981 \u00e0 Fribourg. Elle vit et travaille entre Gen\u00e8ve et Berlin. Dipl\u00f4m\u00e9e en 2008 de la HEAD \u2013 Gen\u00e8ve. Emilie Ding a expos\u00e9 dans de nombreux espaces d\u2019art contemporains en Suisse et \u00e0 l\u2019\u00e9tranger, dont le Mus\u00e9e d\u2019art moderne et contemporain de Gen\u00e8ve, la Aargauer Kunsthaus, le Centre d\u2019art contemporain de Gen\u00e8ve ou le Palais de Tokyo \u00e0 Paris.<\/p>\n<p>&nbsp;<\/p>\n<p>Stephen O\u2019Malley est n\u00e9 en 1974 dans le New Hampshire aux Etats-Unis et il a grandi \u00e0 Seattle. Il vit actuellement \u00e0 Paris. Pionnier de la musique drone, il est membre fondateur de, entre autres groupes phares, Sunn O))) et KTL. Il a cr\u00e9\u00e9 la musique de plusieurs pi\u00e8ces de la metteure en sc\u00e8ne fran\u00e7aise Gis\u00e8le Vienne et a \u00e9galement travaill\u00e9 avec des cin\u00e9astes et des artistes, en particulier avec l\u2019am\u00e9ricain Banks Violette entre 2005 et 2008.<\/p>\n<p>&nbsp;<\/p>\n<p>Fieldwork\u00a0: Marfa est une r\u00e9sidence de recherche \u00e0 Marfa, Texas, men\u00e9e par la HEAD \u2013 Gen\u00e8ve et les Beaux-arts de Nantes\u00a0: plus de d\u00e9tails sur <a href=\"http:\/\/fieldworkmarfa.org\/\">http:\/\/fieldworkmarfa.org\/<\/a>.<\/p>\n<p>&nbsp;<\/p>\n<p>La r\u00e9sidence d\u2019Emilie Ding, l\u2019exposition et la publication qui en d\u00e9coulera b\u00e9n\u00e9ficient du soutien de la Fondation Gandur pour l&rsquo;Art.<\/p>\n<p>&nbsp;<\/p>\n<p>LiveInYourHead<\/p>\n<p>Institut curatorial de la HEAD &#8211; Gen\u00e8ve<\/p>\n<p>Rue du Beulet 4<\/p>\n<p>Du mercredi au samedi, 14h \u2013 19h<\/p>\n<p>&nbsp;<\/p>\n<p><a href=\"http:\/\/www.head-geneve.ch\/\">www.head-geneve.ch<\/a><\/p>\n<p>&nbsp;<\/p>\n","protected":false},"excerpt":{"rendered":"<p>Dry\u00a0 &nbsp; Emilie Ding Avec Stephen O&rsquo;Malley &nbsp; Vernissage Jeudi 01.10 d\u00e8s 18h Exposition 02 \u2013 17.10.2015 &nbsp; LiveInYourHead Institut curatorial de la HEAD &#8211; Gen\u00e8ve &nbsp; Sp\u00e9cifiquement pens\u00e9e pour l\u2019espace de LiveInYourHead, dont l\u2019architecture est modifi\u00e9e pour l\u2019occasion, Dry est met en sc\u00e8ne deux propositions\u00a0: l\u2019une, sculpturale, monumentale est con\u00e7ue \u00e0 l\u2019\u00e9chelle du lieu [&hellip;]<\/p>\n","protected":false},"author":3,"featured_media":0,"comment_status":"closed","ping_status":"closed","sticky":false,"template":"","format":"standard","meta":{"_acf_changed":false,"footnotes":""},"categories":[6],"tags":[63,106],"class_list":["post-2056","post","type-post","status-publish","format-standard","hentry","category-evenement","tag-fieldwork-marfa","tag-liveinyourhead","lieux-liveinyourhead","organisations-alumni","organisations-work-master"],"acf":[],"_links":{"self":[{"href":"https:\/\/campus.hesge.ch\/head-artsvisuels\/wp-json\/wp\/v2\/posts\/2056"}],"collection":[{"href":"https:\/\/campus.hesge.ch\/head-artsvisuels\/wp-json\/wp\/v2\/posts"}],"about":[{"href":"https:\/\/campus.hesge.ch\/head-artsvisuels\/wp-json\/wp\/v2\/types\/post"}],"author":[{"embeddable":true,"href":"https:\/\/campus.hesge.ch\/head-artsvisuels\/wp-json\/wp\/v2\/users\/3"}],"replies":[{"embeddable":true,"href":"https:\/\/campus.hesge.ch\/head-artsvisuels\/wp-json\/wp\/v2\/comments?post=2056"}],"version-history":[{"count":4,"href":"https:\/\/campus.hesge.ch\/head-artsvisuels\/wp-json\/wp\/v2\/posts\/2056\/revisions"}],"predecessor-version":[{"id":2250,"href":"https:\/\/campus.hesge.ch\/head-artsvisuels\/wp-json\/wp\/v2\/posts\/2056\/revisions\/2250"}],"wp:attachment":[{"href":"https:\/\/campus.hesge.ch\/head-artsvisuels\/wp-json\/wp\/v2\/media?parent=2056"}],"wp:term":[{"taxonomy":"category","embeddable":true,"href":"https:\/\/campus.hesge.ch\/head-artsvisuels\/wp-json\/wp\/v2\/categories?post=2056"},{"taxonomy":"post_tag","embeddable":true,"href":"https:\/\/campus.hesge.ch\/head-artsvisuels\/wp-json\/wp\/v2\/tags?post=2056"}],"curies":[{"name":"wp","href":"https:\/\/api.w.org\/{rel}","templated":true}]}}