{"id":2066,"date":"2015-09-07T14:40:38","date_gmt":"2015-09-07T12:40:38","guid":{"rendered":"http:\/\/head.hesge.ch\/art\/?p=2066"},"modified":"2015-09-07T14:42:24","modified_gmt":"2015-09-07T12:42:24","slug":"soft-corner-and-muffled-snare","status":"publish","type":"post","link":"https:\/\/campus.hesge.ch\/head-artsvisuels\/soft-corner-and-muffled-snare\/","title":{"rendered":"Soft Corner and Muffled Snare \u00e0 M J, Gen\u00e8ve"},"content":{"rendered":"<p>Soft Corner and Muffled Snare<\/p>\n<p>Une proposition de Julia Marchand<br \/>\navec Naim Bytyqi, S\u00e9bastien Mennet et Takeshi Shiomitsu<\/p>\n<p>Vernissage le 5 septembre 2015 \u00e0 18h30<br \/>\nExposition du 6 septembre au 26 septembre<br \/>\nHeures d&rsquo;ouverture les samedis de 14h \u00e0 18h et sur rendez-vous<\/p>\n<p>***<\/p>\n<div>Souvent l&rsquo;inconscient \u00e9merge du cadreD\u00e9plier l&rsquo;objet pour faire sienne l&rsquo;image<\/p>\n<p>Through seeing, the form speaks of a space without edges. It is an intimate experience, and conjures up memories of the morning after, the recurring nightmare, the oil painting, the summer camp.<\/p>\n<p>***<\/p>\n<p>S\u00e9bastien Mennet (n\u00e9 en 1985 \u00e0 Gen\u00e8ve, Suisse) vit \u00e0 Lausanne et travaille \u00e0 Gen\u00e8ve. Expositions r\u00e9centes incluent : \u00ab\u00a0s-t-a-r-t-e-r-s\u00a0\u00bb at Lokal-int, Bienne et \u00ab\u00a0today is totally crashing &amp; stunned in bright lights\u00a0\u00bb au Boulevard du Pont-d&rsquo;Arve, Gen\u00e8ve.<\/p>\n<p>Naim Bytyqi (n\u00e9 en 1989 \u00e0 Prizren, Kosovo) vit et travaille \u00e0 Gen\u00e8ve. Expositions r\u00e9centes incluent : \u00ab\u00a0performance proletarians\u00a0\u00bb \u00e0 l&rsquo;Institut Suisse de Rome et \u00ab\u00a0La libre esth\u00e9tique\u00a0\u00bb \u00e0 l&rsquo;Ecole des Beaux-Arts, Bordeaux.<\/p>\n<p>Ils sont actuellement en deuxi\u00e8me ann\u00e9e de Master \u00e0 la HEAD &#8211; Gen\u00e8ve.<\/p>\n<p>Takeshi Shiomitsu (n\u00e9 en 1987 \u00e0 Londres) vit et travaille \u00e0 Londres. Il a r\u00e9cemment particip\u00e9 \u00e0 l\u2019exposition collective \u00ab Devotions \u00bb \u00e0 MOT International Project Space de Londres et fut l&rsquo;un des artistes en r\u00e9sidence \u00e0 Wysing arts center \u00e0 Cambridge en 2015.<\/p>\n<p>M J<br \/>\nRue Ecole de M\u00e9decine 6<br \/>\n1205 Gen\u00e8ve<\/p>\n<p>http:\/\/mjgallery.ch<\/p>\n<\/div>\n","protected":false},"excerpt":{"rendered":"<p>Soft Corner and Muffled Snare Une proposition de Julia Marchand avec Naim Bytyqi, S\u00e9bastien Mennet et Takeshi Shiomitsu Vernissage le 5 septembre 2015 \u00e0 18h30 Exposition du 6 septembre au 26 septembre Heures d&rsquo;ouverture les samedis de 14h \u00e0 18h et sur rendez-vous *** Souvent l&rsquo;inconscient \u00e9merge du cadreD\u00e9plier l&rsquo;objet pour faire sienne l&rsquo;image Through [&hellip;]<\/p>\n","protected":false},"author":3,"featured_media":0,"comment_status":"closed","ping_status":"closed","sticky":false,"template":"","format":"standard","meta":{"_acf_changed":false,"footnotes":""},"categories":[80],"tags":[],"class_list":["post-2066","post","type-post","status-publish","format-standard","hentry","category-exposition","organisations-etudiant-e-s","organisations-work-master"],"acf":[],"_links":{"self":[{"href":"https:\/\/campus.hesge.ch\/head-artsvisuels\/wp-json\/wp\/v2\/posts\/2066"}],"collection":[{"href":"https:\/\/campus.hesge.ch\/head-artsvisuels\/wp-json\/wp\/v2\/posts"}],"about":[{"href":"https:\/\/campus.hesge.ch\/head-artsvisuels\/wp-json\/wp\/v2\/types\/post"}],"author":[{"embeddable":true,"href":"https:\/\/campus.hesge.ch\/head-artsvisuels\/wp-json\/wp\/v2\/users\/3"}],"replies":[{"embeddable":true,"href":"https:\/\/campus.hesge.ch\/head-artsvisuels\/wp-json\/wp\/v2\/comments?post=2066"}],"version-history":[{"count":2,"href":"https:\/\/campus.hesge.ch\/head-artsvisuels\/wp-json\/wp\/v2\/posts\/2066\/revisions"}],"predecessor-version":[{"id":2070,"href":"https:\/\/campus.hesge.ch\/head-artsvisuels\/wp-json\/wp\/v2\/posts\/2066\/revisions\/2070"}],"wp:attachment":[{"href":"https:\/\/campus.hesge.ch\/head-artsvisuels\/wp-json\/wp\/v2\/media?parent=2066"}],"wp:term":[{"taxonomy":"category","embeddable":true,"href":"https:\/\/campus.hesge.ch\/head-artsvisuels\/wp-json\/wp\/v2\/categories?post=2066"},{"taxonomy":"post_tag","embeddable":true,"href":"https:\/\/campus.hesge.ch\/head-artsvisuels\/wp-json\/wp\/v2\/tags?post=2066"}],"curies":[{"name":"wp","href":"https:\/\/api.w.org\/{rel}","templated":true}]}}