{"id":2071,"date":"2015-09-07T14:48:13","date_gmt":"2015-09-07T12:48:13","guid":{"rendered":"http:\/\/head.hesge.ch\/art\/?p=2071"},"modified":"2015-09-08T10:46:20","modified_gmt":"2015-09-08T08:46:20","slug":"christian-marclay-a-la-aargauer-kunsthaus-aarau","status":"publish","type":"post","link":"https:\/\/campus.hesge.ch\/head-artsvisuels\/christian-marclay-a-la-aargauer-kunsthaus-aarau\/","title":{"rendered":"Christian Marclay \u00e0 la Aargauer Kunsthaus"},"content":{"rendered":"<p>Christian Marclay, Action<\/p>\n<p>30.8.2015 \u2013 15.11.2015<\/p>\n<p>Christian Marclay (*1955), qui a grandi \u00e0 Gen\u00e8ve et vit entre New York et Londres, explore dans son \u0153uvre aux nombreuses facettes les relations existant entre l\u2019art, la musique et la culture pop. Dans l\u2019exposition Action, l\u2019Aargauer Kunsthaus focalise aujourd\u2019hui l\u2019attention, pour la premi\u00e8re fois, sur ses longues ann\u00e9es de r\u00e9flexion artistique sur le th\u00e8me de l\u2019onomatopo\u00e9sie, la repr\u00e9sentation visuelle du son.<\/p>\n<p>L\u2019exposition propose quelque 120 travaux de Christian Marclay, couvrant son activit\u00e9 cr\u00e9atrice depuis la fin des ann\u00e9es 1980 tout en se focalisant sur son travail sur l\u2019onomatopo\u00e9sie. A c\u00f4t\u00e9 de l\u2019animation vid\u00e9o Surround Sounds (2015), immersive et prenant possession de tout l\u2019espace, le public pourra voir aussi bien des \u0153uvres plus anciennes et moins connues que bon nombre de nouvelles peintures et de travaux sur papier datant des trois derni\u00e8res ann\u00e9es.<\/p>\n","protected":false},"excerpt":{"rendered":"<p>Christian Marclay, Action 30.8.2015 \u2013 15.11.2015 Christian Marclay (*1955), qui a grandi \u00e0 Gen\u00e8ve et vit entre New York et Londres, explore dans son \u0153uvre aux nombreuses facettes les relations existant entre l\u2019art, la musique et la culture pop. Dans l\u2019exposition Action, l\u2019Aargauer Kunsthaus focalise aujourd\u2019hui l\u2019attention, pour la premi\u00e8re fois, sur ses longues ann\u00e9es [&hellip;]<\/p>\n","protected":false},"author":3,"featured_media":0,"comment_status":"closed","ping_status":"closed","sticky":false,"template":"","format":"standard","meta":{"_acf_changed":false,"footnotes":""},"categories":[80],"tags":[],"class_list":["post-2071","post","type-post","status-publish","format-standard","hentry","category-exposition","organisations-alumni"],"acf":[],"_links":{"self":[{"href":"https:\/\/campus.hesge.ch\/head-artsvisuels\/wp-json\/wp\/v2\/posts\/2071"}],"collection":[{"href":"https:\/\/campus.hesge.ch\/head-artsvisuels\/wp-json\/wp\/v2\/posts"}],"about":[{"href":"https:\/\/campus.hesge.ch\/head-artsvisuels\/wp-json\/wp\/v2\/types\/post"}],"author":[{"embeddable":true,"href":"https:\/\/campus.hesge.ch\/head-artsvisuels\/wp-json\/wp\/v2\/users\/3"}],"replies":[{"embeddable":true,"href":"https:\/\/campus.hesge.ch\/head-artsvisuels\/wp-json\/wp\/v2\/comments?post=2071"}],"version-history":[{"count":2,"href":"https:\/\/campus.hesge.ch\/head-artsvisuels\/wp-json\/wp\/v2\/posts\/2071\/revisions"}],"predecessor-version":[{"id":2114,"href":"https:\/\/campus.hesge.ch\/head-artsvisuels\/wp-json\/wp\/v2\/posts\/2071\/revisions\/2114"}],"wp:attachment":[{"href":"https:\/\/campus.hesge.ch\/head-artsvisuels\/wp-json\/wp\/v2\/media?parent=2071"}],"wp:term":[{"taxonomy":"category","embeddable":true,"href":"https:\/\/campus.hesge.ch\/head-artsvisuels\/wp-json\/wp\/v2\/categories?post=2071"},{"taxonomy":"post_tag","embeddable":true,"href":"https:\/\/campus.hesge.ch\/head-artsvisuels\/wp-json\/wp\/v2\/tags?post=2071"}],"curies":[{"name":"wp","href":"https:\/\/api.w.org\/{rel}","templated":true}]}}