{"id":2077,"date":"2015-09-07T15:25:11","date_gmt":"2015-09-07T13:25:11","guid":{"rendered":"http:\/\/head.hesge.ch\/art\/?p=2077"},"modified":"2015-09-07T15:25:11","modified_gmt":"2015-09-07T13:25:11","slug":"donatella-bernardi-a-hard-hat-geneve","status":"publish","type":"post","link":"https:\/\/campus.hesge.ch\/head-artsvisuels\/donatella-bernardi-a-hard-hat-geneve\/","title":{"rendered":"Donatella Bernardi \u00e0 Hard Hat, Gen\u00e8ve"},"content":{"rendered":"<p>Donatella Bernardi, Same same but different<br \/>\n18.09 &#8211; 01.11.2015<\/p>\n<p>Premi\u00e8re exposition monographique de Donatella Bernardi (CH, vit et travaille \u00e0 Stockholm) \u00e0 Gen\u00e8ve depuis une installation en vitrine \u00e0 l\u2019Ariana en 2013, Same same but different succ\u00e8de \u00e0 Morgenr\u00f6te, aurora borealis and Levantin: into your solar plexus, une exposition th\u00e9matique d\u00e9velopp\u00e9e \u00e0 la Kunsthalle de Berne de janvier \u00e0 juin 2015.<\/p>\n<p>Hard Hat<br \/>\n39, rue des Bains<br \/>\nCH 1205 Gen\u00e8ve<br \/>\nSwitzerland<\/p>\n<p>www.hard-hat.ch<\/p>\n","protected":false},"excerpt":{"rendered":"<p>Donatella Bernardi, Same same but different 18.09 &#8211; 01.11.2015 Premi\u00e8re exposition monographique de Donatella Bernardi (CH, vit et travaille \u00e0 Stockholm) \u00e0 Gen\u00e8ve depuis une installation en vitrine \u00e0 l\u2019Ariana en 2013, Same same but different succ\u00e8de \u00e0 Morgenr\u00f6te, aurora borealis and Levantin: into your solar plexus, une exposition th\u00e9matique d\u00e9velopp\u00e9e \u00e0 la Kunsthalle de [&hellip;]<\/p>\n","protected":false},"author":3,"featured_media":0,"comment_status":"closed","ping_status":"closed","sticky":false,"template":"","format":"standard","meta":{"_acf_changed":false,"footnotes":""},"categories":[80],"tags":[],"class_list":["post-2077","post","type-post","status-publish","format-standard","hentry","category-exposition","organisations-alumni"],"acf":[],"_links":{"self":[{"href":"https:\/\/campus.hesge.ch\/head-artsvisuels\/wp-json\/wp\/v2\/posts\/2077"}],"collection":[{"href":"https:\/\/campus.hesge.ch\/head-artsvisuels\/wp-json\/wp\/v2\/posts"}],"about":[{"href":"https:\/\/campus.hesge.ch\/head-artsvisuels\/wp-json\/wp\/v2\/types\/post"}],"author":[{"embeddable":true,"href":"https:\/\/campus.hesge.ch\/head-artsvisuels\/wp-json\/wp\/v2\/users\/3"}],"replies":[{"embeddable":true,"href":"https:\/\/campus.hesge.ch\/head-artsvisuels\/wp-json\/wp\/v2\/comments?post=2077"}],"version-history":[{"count":1,"href":"https:\/\/campus.hesge.ch\/head-artsvisuels\/wp-json\/wp\/v2\/posts\/2077\/revisions"}],"predecessor-version":[{"id":2079,"href":"https:\/\/campus.hesge.ch\/head-artsvisuels\/wp-json\/wp\/v2\/posts\/2077\/revisions\/2079"}],"wp:attachment":[{"href":"https:\/\/campus.hesge.ch\/head-artsvisuels\/wp-json\/wp\/v2\/media?parent=2077"}],"wp:term":[{"taxonomy":"category","embeddable":true,"href":"https:\/\/campus.hesge.ch\/head-artsvisuels\/wp-json\/wp\/v2\/categories?post=2077"},{"taxonomy":"post_tag","embeddable":true,"href":"https:\/\/campus.hesge.ch\/head-artsvisuels\/wp-json\/wp\/v2\/tags?post=2077"}],"curies":[{"name":"wp","href":"https:\/\/api.w.org\/{rel}","templated":true}]}}