{"id":2080,"date":"2015-09-07T15:33:40","date_gmt":"2015-09-07T13:33:40","guid":{"rendered":"http:\/\/head.hesge.ch\/art\/?p=2080"},"modified":"2015-09-07T15:33:40","modified_gmt":"2015-09-07T13:33:40","slug":"ouverture-de-la-librairie-oraibi-beckbooks-geneve","status":"publish","type":"post","link":"https:\/\/campus.hesge.ch\/head-artsvisuels\/ouverture-de-la-librairie-oraibi-beckbooks-geneve\/","title":{"rendered":"Ouverture de La Librairie Oraibi + BeckBooks, Gen\u00e8ve"},"content":{"rendered":"<p>Oraibi\u00a0+\u00a0BeckBooks<br \/>\nOuvre le jeudi 17 Septembre 2015 d\u00e8s 17h une librairie permanente \u00e0 Gen\u00e8ve.<br \/>\n(programme \u00e0 venir)<\/p>\n<p>Oraibi\u00a0+ BeckBooks\u00a0est la r\u00e9union de deux librairies d\u2019art ind\u00e9pendantes dans un espace commun am\u00e9nag\u00e9 par Elise Van Mourik et St\u00e9phane Barbier Bouvet, qui a pour vocation d&rsquo;accueillir et de promouvoir les artistes et \u00e9diteurs d&rsquo;art \u00e0 travers des \u00e9v\u00e8nements et un catalogue de publications internationales. La s\u00e9lection de livres \u2013 neufs et d\u2019occasion \u2013 s\u2019articule autour de th\u00e9matiques telles que critique d\u2019art, th\u00e9orie culturelle, \u00e9crits d\u2019artistes, monographies, catalogues d&rsquo;expositions, litt\u00e9rature et po\u00e9sie contemporaine, avec un int\u00e9r\u00eat particulier pour les publications formant un m\u00e9dium \u00e0 part enti\u00e8re pour une pratique et un discours artistique.<\/p>\n","protected":false},"excerpt":{"rendered":"<p>Oraibi\u00a0+\u00a0BeckBooks Ouvre le jeudi 17 Septembre 2015 d\u00e8s 17h une librairie permanente \u00e0 Gen\u00e8ve. (programme \u00e0 venir) Oraibi\u00a0+ BeckBooks\u00a0est la r\u00e9union de deux librairies d\u2019art ind\u00e9pendantes dans un espace commun am\u00e9nag\u00e9 par Elise Van Mourik et St\u00e9phane Barbier Bouvet, qui a pour vocation d&rsquo;accueillir et de promouvoir les artistes et \u00e9diteurs d&rsquo;art \u00e0 travers des [&hellip;]<\/p>\n","protected":false},"author":3,"featured_media":0,"comment_status":"closed","ping_status":"closed","sticky":false,"template":"","format":"standard","meta":{"_acf_changed":false,"footnotes":""},"categories":[80],"tags":[],"class_list":["post-2080","post","type-post","status-publish","format-standard","hentry","category-exposition","organisations-alumni"],"acf":[],"_links":{"self":[{"href":"https:\/\/campus.hesge.ch\/head-artsvisuels\/wp-json\/wp\/v2\/posts\/2080"}],"collection":[{"href":"https:\/\/campus.hesge.ch\/head-artsvisuels\/wp-json\/wp\/v2\/posts"}],"about":[{"href":"https:\/\/campus.hesge.ch\/head-artsvisuels\/wp-json\/wp\/v2\/types\/post"}],"author":[{"embeddable":true,"href":"https:\/\/campus.hesge.ch\/head-artsvisuels\/wp-json\/wp\/v2\/users\/3"}],"replies":[{"embeddable":true,"href":"https:\/\/campus.hesge.ch\/head-artsvisuels\/wp-json\/wp\/v2\/comments?post=2080"}],"version-history":[{"count":1,"href":"https:\/\/campus.hesge.ch\/head-artsvisuels\/wp-json\/wp\/v2\/posts\/2080\/revisions"}],"predecessor-version":[{"id":2082,"href":"https:\/\/campus.hesge.ch\/head-artsvisuels\/wp-json\/wp\/v2\/posts\/2080\/revisions\/2082"}],"wp:attachment":[{"href":"https:\/\/campus.hesge.ch\/head-artsvisuels\/wp-json\/wp\/v2\/media?parent=2080"}],"wp:term":[{"taxonomy":"category","embeddable":true,"href":"https:\/\/campus.hesge.ch\/head-artsvisuels\/wp-json\/wp\/v2\/categories?post=2080"},{"taxonomy":"post_tag","embeddable":true,"href":"https:\/\/campus.hesge.ch\/head-artsvisuels\/wp-json\/wp\/v2\/tags?post=2080"}],"curies":[{"name":"wp","href":"https:\/\/api.w.org\/{rel}","templated":true}]}}