{"id":2124,"date":"2015-09-08T15:05:41","date_gmt":"2015-09-08T13:05:41","guid":{"rendered":"http:\/\/head.hesge.ch\/art\/?p=2124"},"modified":"2015-09-08T15:05:41","modified_gmt":"2015-09-08T13:05:41","slug":"lou-maduraud-au-tu-geneve","status":"publish","type":"post","link":"https:\/\/campus.hesge.ch\/head-artsvisuels\/lou-maduraud-au-tu-geneve\/","title":{"rendered":"Lou Maduraud au TU, Gen\u00e8ve"},"content":{"rendered":"<p class=\"p1\">De la danse \u00e0 l\u2019installation en passant par la performance et la musique, la collaboration qui unit Lou Masduraud et Antoine Bellini r\u00e9sonne au rythme des pulsations d\u2019un coeur en bonne sant\u00e9. Un coeur qui bat la chamade dans un corps poreux et habit\u00e9 par les sensations sonores, les bruits synth\u00e9tiques et les tensions vibratoires.<br \/>\nCar c\u2019est bien ce qui int\u00e9resse les deux artistes : l\u2019exploration des connexions entre une pr\u00e9sence acoustique abstraite et une pr\u00e9sence mat\u00e9rielle signifi\u00e9e par les corps dans l\u2019espace. De cette mise en relation na\u00eet une tension o\u00f9 mouvements et sons interagissent pour et avec le public dans la situation donn\u00e9e par la performance.<br \/>\nVenez vibrer, taper du pied, dandiner des hanches, et entrez dans la danse de la soci\u00e9t\u00e9 \u00e9trange.<\/p>\n<p class=\"p1\">Duree 25 min.<\/p>\n<p>24 SEPTEMBRE \u2014 19H00<br \/>\n25 SEPTEMBRE \u2014 19H00<br \/>\n26 SEPTEMBRE \u2014 21H30<\/p>\n","protected":false},"excerpt":{"rendered":"<p>De la danse \u00e0 l\u2019installation en passant par la performance et la musique, la collaboration qui unit Lou Masduraud et Antoine Bellini r\u00e9sonne au rythme des pulsations d\u2019un coeur en bonne sant\u00e9. Un coeur qui bat la chamade dans un corps poreux et habit\u00e9 par les sensations sonores, les bruits synth\u00e9tiques et les tensions vibratoires. [&hellip;]<\/p>\n","protected":false},"author":3,"featured_media":0,"comment_status":"closed","ping_status":"closed","sticky":false,"template":"","format":"standard","meta":{"_acf_changed":false,"footnotes":""},"categories":[80],"tags":[],"class_list":["post-2124","post","type-post","status-publish","format-standard","hentry","category-exposition","organisations-alumni"],"acf":[],"_links":{"self":[{"href":"https:\/\/campus.hesge.ch\/head-artsvisuels\/wp-json\/wp\/v2\/posts\/2124"}],"collection":[{"href":"https:\/\/campus.hesge.ch\/head-artsvisuels\/wp-json\/wp\/v2\/posts"}],"about":[{"href":"https:\/\/campus.hesge.ch\/head-artsvisuels\/wp-json\/wp\/v2\/types\/post"}],"author":[{"embeddable":true,"href":"https:\/\/campus.hesge.ch\/head-artsvisuels\/wp-json\/wp\/v2\/users\/3"}],"replies":[{"embeddable":true,"href":"https:\/\/campus.hesge.ch\/head-artsvisuels\/wp-json\/wp\/v2\/comments?post=2124"}],"version-history":[{"count":1,"href":"https:\/\/campus.hesge.ch\/head-artsvisuels\/wp-json\/wp\/v2\/posts\/2124\/revisions"}],"predecessor-version":[{"id":2126,"href":"https:\/\/campus.hesge.ch\/head-artsvisuels\/wp-json\/wp\/v2\/posts\/2124\/revisions\/2126"}],"wp:attachment":[{"href":"https:\/\/campus.hesge.ch\/head-artsvisuels\/wp-json\/wp\/v2\/media?parent=2124"}],"wp:term":[{"taxonomy":"category","embeddable":true,"href":"https:\/\/campus.hesge.ch\/head-artsvisuels\/wp-json\/wp\/v2\/categories?post=2124"},{"taxonomy":"post_tag","embeddable":true,"href":"https:\/\/campus.hesge.ch\/head-artsvisuels\/wp-json\/wp\/v2\/tags?post=2124"}],"curies":[{"name":"wp","href":"https:\/\/api.w.org\/{rel}","templated":true}]}}