{"id":2242,"date":"2015-09-11T16:10:32","date_gmt":"2015-09-11T14:10:32","guid":{"rendered":"http:\/\/head.hesge.ch\/art\/?p=2242"},"modified":"2015-09-11T16:10:32","modified_gmt":"2015-09-11T14:10:32","slug":"projection-la-brele-sauvage-de-greg-clement","status":"publish","type":"post","link":"https:\/\/campus.hesge.ch\/head-artsvisuels\/projection-la-brele-sauvage-de-greg-clement\/","title":{"rendered":"Projection: La Br\u00eale sauvage de Greg Cl\u00e9ment"},"content":{"rendered":"<p>Lundi 14 septembre 2015<\/p>\n<p>Cour du Boulevard Helv\u00e9tique<\/p>\n<p>21h<\/p>\n<p>LA BR\u00caLE SAUVAGE<\/p>\n<div>De Greg Cl\u00e9ment,\u00a02015<\/div>\n<div>26&prime;<\/div>\n<p>Dans le cadre de la soir\u00e9e de rentr\u00e9e du D\u00e9partement Arts visuels, projection de LA BR\u00caLE SAUVAGE, un film de Greg Cl\u00e9ment, dipl\u00f4m\u00e9 2015 de l&rsquo;option Information\/fiction.<\/p>\n<p>LA BR\u00caLE SAUVAGE est le road-trip en v\u00e9lomoteur d\u2019un musicien avec sa guitare, ses \u00abchansons inutiles\u00bb et les rencontres qui jalonnent sa route. Lass\u00e9 du manque de disponibilit\u00e9 de ses amis musiciens, il d\u00e9cide de prendre la route sur son vieux v\u00e9lomoteur pour aller faire de la musique en solo. Le \u00abone-man band\u00bb envisag\u00e9 se mue peu \u00e0 peu en duo.<br \/>\n\u00abPlusieurs ann\u00e9es apr\u00e8s avoir habit\u00e9 avec Alexis (protagoniste du film), il m\u2019est apparu que cette figure haute en couleur de musicien \u00abshowman\u00bb aux choix de vie radicaux constituait un personnage id\u00e9al pour un d\u00e9part de fiction. Je l\u2019ai imm\u00e9diatement imagin\u00e9 sous forme filmique ; l\u2019enjeu \u00e9tait de transposer en sc\u00e8nes des situations v\u00e9cues et des individus rencontr\u00e9s au fil des ann\u00e9es dans le milieu squat. Cette \u00e9criture ne s\u2019inscrit pas dans une volont\u00e9 de r\u00e9alisme ni de regard critique, mais souhaite plut\u00f4t proposer une vision personnelle de ce milieu par le prisme de la musique.\u00bb Greg Cl\u00e9ment<\/p>\n<p>N\u00e9 \u00e0 Gen\u00e8ve en 1979, Greg Cl\u00e9ment est dipl\u00f4m\u00e9 en photographie du CEPV de Vevey en 2004. Il r\u00e9alise des mandats et des projets personnels en photographie. En parall\u00e8le, il travaille dans la programmation culturelle et la formation dans une institution pour personnes d\u00e9ficientes intellectuelles. Il vient de terminer un Bachelor en Arts visuels \u00e0 la HEAD &#8211; Gen\u00e8ve. LA BR\u00caLE SAUVAGE est son premier film.<\/p>\n","protected":false},"excerpt":{"rendered":"<p>Lundi 14 septembre 2015 Cour du Boulevard Helv\u00e9tique 21h LA BR\u00caLE SAUVAGE De Greg Cl\u00e9ment,\u00a02015 26&prime; Dans le cadre de la soir\u00e9e de rentr\u00e9e du D\u00e9partement Arts visuels, projection de LA BR\u00caLE SAUVAGE, un film de Greg Cl\u00e9ment, dipl\u00f4m\u00e9 2015 de l&rsquo;option Information\/fiction. LA BR\u00caLE SAUVAGE est le road-trip en v\u00e9lomoteur d\u2019un musicien avec sa [&hellip;]<\/p>\n","protected":false},"author":3,"featured_media":0,"comment_status":"closed","ping_status":"closed","sticky":false,"template":"","format":"standard","meta":{"_acf_changed":false,"footnotes":""},"categories":[],"tags":[],"class_list":["post-2242","post","type-post","status-publish","format-standard","hentry"],"acf":[],"_links":{"self":[{"href":"https:\/\/campus.hesge.ch\/head-artsvisuels\/wp-json\/wp\/v2\/posts\/2242"}],"collection":[{"href":"https:\/\/campus.hesge.ch\/head-artsvisuels\/wp-json\/wp\/v2\/posts"}],"about":[{"href":"https:\/\/campus.hesge.ch\/head-artsvisuels\/wp-json\/wp\/v2\/types\/post"}],"author":[{"embeddable":true,"href":"https:\/\/campus.hesge.ch\/head-artsvisuels\/wp-json\/wp\/v2\/users\/3"}],"replies":[{"embeddable":true,"href":"https:\/\/campus.hesge.ch\/head-artsvisuels\/wp-json\/wp\/v2\/comments?post=2242"}],"version-history":[{"count":1,"href":"https:\/\/campus.hesge.ch\/head-artsvisuels\/wp-json\/wp\/v2\/posts\/2242\/revisions"}],"predecessor-version":[{"id":2244,"href":"https:\/\/campus.hesge.ch\/head-artsvisuels\/wp-json\/wp\/v2\/posts\/2242\/revisions\/2244"}],"wp:attachment":[{"href":"https:\/\/campus.hesge.ch\/head-artsvisuels\/wp-json\/wp\/v2\/media?parent=2242"}],"wp:term":[{"taxonomy":"category","embeddable":true,"href":"https:\/\/campus.hesge.ch\/head-artsvisuels\/wp-json\/wp\/v2\/categories?post=2242"},{"taxonomy":"post_tag","embeddable":true,"href":"https:\/\/campus.hesge.ch\/head-artsvisuels\/wp-json\/wp\/v2\/tags?post=2242"}],"curies":[{"name":"wp","href":"https:\/\/api.w.org\/{rel}","templated":true}]}}