{"id":2255,"date":"2015-09-15T11:16:37","date_gmt":"2015-09-15T09:16:37","guid":{"rendered":"http:\/\/head.hesge.ch\/art\/?p=2255"},"modified":"2015-09-15T11:16:37","modified_gmt":"2015-09-15T09:16:37","slug":"lexposition-dun-film-de-mathieu-copeland-au-centre-pompidou-paris","status":"publish","type":"post","link":"https:\/\/campus.hesge.ch\/head-artsvisuels\/lexposition-dun-film-de-mathieu-copeland-au-centre-pompidou-paris\/","title":{"rendered":"L&rsquo;exposition d&rsquo;un film de Mathieu Copeland au Centre Pompidou, Paris"},"content":{"rendered":"<div class=\"DivNotice2\"><span class=\"NoticeG15BLACK\">L&rsquo;exposition d&rsquo;un film<\/span>18 septembre 2015, \u00e0 20h00 (2h30)<\/p>\n<\/div>\n<div class=\"DivNotice2\">\n<div class=\"notice\">Cin\u00e9ma 2 &#8211; Centre Pompidou, Paris<\/div>\n<\/div>\n<div class=\"DivNotice2\"><\/div>\n<div class=\"DivNotice2\">\n<div id=\"normal1\">\n<div class=\"notice\">\n<p class=\"notice\">Examinant la r\u00e9alit\u00e9 du film autant que les m\u00e9diums qui le composent, <em>L\u2019exposition d\u2019un film<\/em> (2014, 100\u2019) de Mathieu Copeland parcourt l\u2019ensemble des textures possibles du cin\u00e9ma. Le temps d\u2019un film est ici envisag\u00e9 par la disposition spatiale d\u2019une image projet\u00e9e et d\u2019un son \u00e9cout\u00e9, en somme une exp\u00e9rience de cin\u00e9ma. Une exposition pour un contexte : un film pr\u00e9sent\u00e9 en salle de cin\u00e9ma rassemblant 46 artistes majeurs \u2013 plasticiens, chor\u00e9graphes, performers, musiciens \u2013, chacun entretenant un rapport singulier au cin\u00e9ma (Robert Barry, John Giorno, Karl Holmqvist, Susan Stenger, Tim Etchells&#8230;). Contrainte par les propri\u00e9t\u00e9s intrins\u00e8ques du cin\u00e9ma, cette exposition s\u2019affirme \u00e0 la fois comme un film expos\u00e9, le film d\u2019une exposition ou encore une exposition film\u00e9e. Projection en avant-premi\u00e8re, en pr\u00e9sence de Mathieu Copeland et de nombreux artistes pr\u00e9sents dans le film.<\/p>\n<p class=\"notice\">Production : HEAD &#8211; Gen\u00e8ve<\/p>\n<\/div>\n<\/div>\n<\/div>\n","protected":false},"excerpt":{"rendered":"<p>L&rsquo;exposition d&rsquo;un film18 septembre 2015, \u00e0 20h00 (2h30) Cin\u00e9ma 2 &#8211; Centre Pompidou, Paris Examinant la r\u00e9alit\u00e9 du film autant que les m\u00e9diums qui le composent, L\u2019exposition d\u2019un film (2014, 100\u2019) de Mathieu Copeland parcourt l\u2019ensemble des textures possibles du cin\u00e9ma. Le temps d\u2019un film est ici envisag\u00e9 par la disposition spatiale d\u2019une image projet\u00e9e [&hellip;]<\/p>\n","protected":false},"author":3,"featured_media":0,"comment_status":"closed","ping_status":"closed","sticky":false,"template":"","format":"standard","meta":{"_acf_changed":false,"footnotes":""},"categories":[6],"tags":[],"class_list":["post-2255","post","type-post","status-publish","format-standard","hentry","category-evenement","organisations-arts-visuels"],"acf":[],"_links":{"self":[{"href":"https:\/\/campus.hesge.ch\/head-artsvisuels\/wp-json\/wp\/v2\/posts\/2255"}],"collection":[{"href":"https:\/\/campus.hesge.ch\/head-artsvisuels\/wp-json\/wp\/v2\/posts"}],"about":[{"href":"https:\/\/campus.hesge.ch\/head-artsvisuels\/wp-json\/wp\/v2\/types\/post"}],"author":[{"embeddable":true,"href":"https:\/\/campus.hesge.ch\/head-artsvisuels\/wp-json\/wp\/v2\/users\/3"}],"replies":[{"embeddable":true,"href":"https:\/\/campus.hesge.ch\/head-artsvisuels\/wp-json\/wp\/v2\/comments?post=2255"}],"version-history":[{"count":1,"href":"https:\/\/campus.hesge.ch\/head-artsvisuels\/wp-json\/wp\/v2\/posts\/2255\/revisions"}],"predecessor-version":[{"id":2257,"href":"https:\/\/campus.hesge.ch\/head-artsvisuels\/wp-json\/wp\/v2\/posts\/2255\/revisions\/2257"}],"wp:attachment":[{"href":"https:\/\/campus.hesge.ch\/head-artsvisuels\/wp-json\/wp\/v2\/media?parent=2255"}],"wp:term":[{"taxonomy":"category","embeddable":true,"href":"https:\/\/campus.hesge.ch\/head-artsvisuels\/wp-json\/wp\/v2\/categories?post=2255"},{"taxonomy":"post_tag","embeddable":true,"href":"https:\/\/campus.hesge.ch\/head-artsvisuels\/wp-json\/wp\/v2\/tags?post=2255"}],"curies":[{"name":"wp","href":"https:\/\/api.w.org\/{rel}","templated":true}]}}