{"id":2404,"date":"2016-01-04T15:49:09","date_gmt":"2016-01-04T14:49:09","guid":{"rendered":"http:\/\/head.hesge.ch\/art\/?p=2404"},"modified":"2019-12-17T09:34:12","modified_gmt":"2019-12-17T08:34:12","slug":"avec-nathalie-dupasquier","status":"publish","type":"post","link":"https:\/\/campus.hesge.ch\/head-artsvisuels\/avec-nathalie-dupasquier\/","title":{"rendered":"Nathalie Du Pasquier: Cultura materiale"},"content":{"rendered":"<p>En 1987, Nathalie Du Pasquier, jeune bordelaise install\u00e9e \u00e0 Milan, quitte le monde du design pour se consacrer \u00e0 la peinture. Sa carri\u00e8re au sein du groupe Memphis \u2013 groupe de designers et d\u2019architectes cosmopolites r\u00e9unis autour d\u2019Ettore Sottsass \u2013imprime r\u00e9solument son nom dans la liste des auteurs de l\u2019identit\u00e9 visuelle et graphique des ann\u00e9es 80. A travers le groupe, Nathalie Du Pasquier contribue \u00e0 l\u2019\u00e9laboration d\u2019une esth\u00e9tique post-moderne qui se joue des codes et des dictats des \u00ab ismes \u00bb de la modernit\u00e9.<\/p>\n<p>A la dissolution de Memphis, Nathalie Du Pasquier entame un travail plus confidentiel. Elle commence une production picturale repr\u00e9sentant les objets de son atelier, mis en sc\u00e8ne dans des agencements pr\u00e9cis et silencieux. Au d\u00e9but des ann\u00e9es 2000, l\u2019artiste construit des \u00e9l\u00e9ments g\u00e9om\u00e9triques en bois peint. Ces derniers se substituent, peu \u00e0 peu, aux objets de son quotidien, pour devenir les sujets de ses compositions. Ces constructions prennent des formes diverses : elles sont parfois objets muraux, tables, \u00e9tag\u00e8res ou encore cabines. Si chacune fonctionne de mani\u00e8re ind\u00e9pendante, Nathalie Du Pasquier organise aussi ses pi\u00e8ces au sein d\u2019installations : toiles et constructions s\u2019articulent en dispositifs qui g\u00e9n\u00e8rent de nouveaux arrangements, autonomes.<\/p>\n<p>Alors que ses compositions picturales sont fig\u00e9es par la nature de leur medium, les constructions de Nathalie Du Pasquier sont enclines \u00e0 une perp\u00e9tuelle \u00e9volution. L\u2019artiste manipule, assemble, repeint et d\u00e9solidarise les \u00e9l\u00e9ments qui constituent ses pi\u00e8ces, au gr\u00e9 de l\u2019\u00e9volution de son travail. En transformant perp\u00e9tuellement ses sculptures, elle produit non seulement un geste de d\u00e9sacralisation de l\u2019objet d\u2019art, mais elle se place aussi dans une \u00e9thique d\u2019opposition au gaspillage.<\/p>\n<p>Plus que jamais d\u2019actualit\u00e9, ces questions soci\u00e9tales ont amen\u00e9 la mode \u00e0 se tourner de nouveau vers l\u2019esth\u00e9tique des ann\u00e9es 80. Depuis 2010, Nathalie Du Pasquier est sollicit\u00e9e par des marques telles que Hay ou American Apparel pour r\u00e9\u00e9diter ou cr\u00e9er des motifs dans l\u2019esprit Memphis.<\/p>\n<p>__________<\/p>\n<p>Mercredi 28 octobre 2015<\/p>\n<p>Conf\u00e9rence Talking Heads<br \/>\nNathalie Du Pasquier, artiste, designer<\/p>\n<p>HEAD &#8211; Gen\u00e8ve<br \/>\nAuditoire, bd James-Fazy 15<br \/>\n\u00e0 19h<\/p>\n<p>En conversation avec Pierre Leguillon, artiste, enseignant \u00e0 la HEAD &#8211; Gen\u00e8ve<br \/>\n__________<\/p>\n<div>\n<p>Nathalie Du Pasquier, Cultura materiale<\/p>\n<p>Une proposition de Pierre Leguillon et Elisa Langlois<br \/>\nAvec les \u00e9tudiants de l&rsquo;option Appropriation en Arts visuels<\/p>\n<p>Vernissage le vendredi 30.10 d\u00e8s 18h<br \/>\nExpostion du 30.10 au 21.11.2015<br \/>\n__________<\/p>\n<\/div>\n<div><\/div>\n<div>A lire :<br \/>\nArticle de Claire Moul\u00e8ne dans Les Inrocks<\/div>\n<div>23.11.2015<\/div>\n<p>&nbsp;<\/p>\n","protected":false},"excerpt":{"rendered":"<p>En 1987, Nathalie Du Pasquier, jeune bordelaise install\u00e9e \u00e0 Milan, quitte le monde du design pour se consacrer \u00e0 la peinture. Sa carri\u00e8re au sein du groupe Memphis \u2013 groupe de designers et d\u2019architectes cosmopolites r\u00e9unis autour d\u2019Ettore Sottsass \u2013imprime r\u00e9solument son nom dans la liste des auteurs de l\u2019identit\u00e9 visuelle et graphique des ann\u00e9es [&hellip;]<\/p>\n","protected":false},"author":3,"featured_media":0,"comment_status":"closed","ping_status":"closed","sticky":false,"template":"","format":"standard","meta":{"_acf_changed":false,"footnotes":""},"categories":[3],"tags":[106],"class_list":["post-2404","post","type-post","status-publish","format-standard","hentry","category-rencontre","tag-liveinyourhead","lieux-liveinyourhead","organisations-arts-visuels","organisations-appropriation"],"acf":[],"_links":{"self":[{"href":"https:\/\/campus.hesge.ch\/head-artsvisuels\/wp-json\/wp\/v2\/posts\/2404"}],"collection":[{"href":"https:\/\/campus.hesge.ch\/head-artsvisuels\/wp-json\/wp\/v2\/posts"}],"about":[{"href":"https:\/\/campus.hesge.ch\/head-artsvisuels\/wp-json\/wp\/v2\/types\/post"}],"author":[{"embeddable":true,"href":"https:\/\/campus.hesge.ch\/head-artsvisuels\/wp-json\/wp\/v2\/users\/3"}],"replies":[{"embeddable":true,"href":"https:\/\/campus.hesge.ch\/head-artsvisuels\/wp-json\/wp\/v2\/comments?post=2404"}],"version-history":[{"count":5,"href":"https:\/\/campus.hesge.ch\/head-artsvisuels\/wp-json\/wp\/v2\/posts\/2404\/revisions"}],"predecessor-version":[{"id":2477,"href":"https:\/\/campus.hesge.ch\/head-artsvisuels\/wp-json\/wp\/v2\/posts\/2404\/revisions\/2477"}],"wp:attachment":[{"href":"https:\/\/campus.hesge.ch\/head-artsvisuels\/wp-json\/wp\/v2\/media?parent=2404"}],"wp:term":[{"taxonomy":"category","embeddable":true,"href":"https:\/\/campus.hesge.ch\/head-artsvisuels\/wp-json\/wp\/v2\/categories?post=2404"},{"taxonomy":"post_tag","embeddable":true,"href":"https:\/\/campus.hesge.ch\/head-artsvisuels\/wp-json\/wp\/v2\/tags?post=2404"}],"curies":[{"name":"wp","href":"https:\/\/api.w.org\/{rel}","templated":true}]}}