{"id":2606,"date":"2016-02-04T11:20:52","date_gmt":"2016-02-04T10:20:52","guid":{"rendered":"http:\/\/head.hesge.ch\/art\/?p=2606"},"modified":"2016-02-04T11:20:52","modified_gmt":"2016-02-04T10:20:52","slug":"talking-heads-nathalie-dupasquier","status":"publish","type":"post","link":"https:\/\/campus.hesge.ch\/head-artsvisuels\/talking-heads-nathalie-dupasquier\/","title":{"rendered":"Talking Heads: Nathalie Dupasquier"},"content":{"rendered":"<p>Nathalie Du Pasquier est n\u00e9e en 1957 \u00e0 Bordeaux. Elle s\u2019est install\u00e9e \u00e0 Milan en 1979, o\u00f9 elle fut l\u2019une des fondatrices du groupe Memphis autour d\u2019Ettore\u00a0Sottsass. Elle est connue pour avoir dessin\u00e9\u00a0des \u00ab surfaces d\u00e9cor\u00e9es \u00bb compos\u00e9es de motifs caract\u00e9ristiques appliqu\u00e9s \u00e0 des tissus, des tapis, des lamin\u00e9s plastiques et utilis\u00e9s sur des objets, des meubles ou encore des c\u00e9ramiques ou des v\u00eatements\u00a0(\u00ab Don\u2019t Take These Drawings Seriously, 1981\u20131987 \u00bb, 2015, Power House Books, New York) ; et plus r\u00e9cemment, pour avoir collabor\u00e9 dans le domaine du design avec Wrong for HAY, et dans celui de la mode avec American Apparel.\u00a0Depuis 1986, elle s\u2019est principalement consacr\u00e9e \u00e0 la peinture, d\u00e9veloppant une \u0153uvre dont les objets restent les principaux acteurs.<\/p>\n","protected":false},"excerpt":{"rendered":"<p>Nathalie Du Pasquier est n\u00e9e en 1957 \u00e0 Bordeaux. Elle s\u2019est install\u00e9e \u00e0 Milan en 1979, o\u00f9 elle fut l\u2019une des fondatrices du groupe Memphis autour d\u2019Ettore\u00a0Sottsass. Elle est connue pour avoir dessin\u00e9\u00a0des \u00ab surfaces d\u00e9cor\u00e9es \u00bb compos\u00e9es de motifs caract\u00e9ristiques appliqu\u00e9s \u00e0 des tissus, des tapis, des lamin\u00e9s plastiques et utilis\u00e9s sur des objets, [&hellip;]<\/p>\n","protected":false},"author":5,"featured_media":0,"comment_status":"closed","ping_status":"closed","sticky":false,"template":"","format":"standard","meta":{"_acf_changed":false,"footnotes":""},"categories":[3],"tags":[18],"class_list":["post-2606","post","type-post","status-publish","format-standard","hentry","category-rencontre","tag-talking-heads","lieux-head-james-fazy","organisations-arts-visuels","organisations-appropriation"],"acf":[],"_links":{"self":[{"href":"https:\/\/campus.hesge.ch\/head-artsvisuels\/wp-json\/wp\/v2\/posts\/2606"}],"collection":[{"href":"https:\/\/campus.hesge.ch\/head-artsvisuels\/wp-json\/wp\/v2\/posts"}],"about":[{"href":"https:\/\/campus.hesge.ch\/head-artsvisuels\/wp-json\/wp\/v2\/types\/post"}],"author":[{"embeddable":true,"href":"https:\/\/campus.hesge.ch\/head-artsvisuels\/wp-json\/wp\/v2\/users\/5"}],"replies":[{"embeddable":true,"href":"https:\/\/campus.hesge.ch\/head-artsvisuels\/wp-json\/wp\/v2\/comments?post=2606"}],"version-history":[{"count":1,"href":"https:\/\/campus.hesge.ch\/head-artsvisuels\/wp-json\/wp\/v2\/posts\/2606\/revisions"}],"predecessor-version":[{"id":2607,"href":"https:\/\/campus.hesge.ch\/head-artsvisuels\/wp-json\/wp\/v2\/posts\/2606\/revisions\/2607"}],"wp:attachment":[{"href":"https:\/\/campus.hesge.ch\/head-artsvisuels\/wp-json\/wp\/v2\/media?parent=2606"}],"wp:term":[{"taxonomy":"category","embeddable":true,"href":"https:\/\/campus.hesge.ch\/head-artsvisuels\/wp-json\/wp\/v2\/categories?post=2606"},{"taxonomy":"post_tag","embeddable":true,"href":"https:\/\/campus.hesge.ch\/head-artsvisuels\/wp-json\/wp\/v2\/tags?post=2606"}],"curies":[{"name":"wp","href":"https:\/\/api.w.org\/{rel}","templated":true}]}}