{"id":2609,"date":"2016-02-04T11:29:03","date_gmt":"2016-02-04T10:29:03","guid":{"rendered":"http:\/\/head.hesge.ch\/art\/?p=2609"},"modified":"2016-02-04T11:29:03","modified_gmt":"2016-02-04T10:29:03","slug":"situated-practices-marion-von-osten-anne-julie-raccoursier-grant-watson","status":"publish","type":"post","link":"https:\/\/campus.hesge.ch\/head-artsvisuels\/situated-practices-marion-von-osten-anne-julie-raccoursier-grant-watson\/","title":{"rendered":"Situated Practices: Marion von Osten, Anne-Julie Raccoursier, Grant Watson"},"content":{"rendered":"<p class=\"p1\">THINKING UNDER TURBULENCE<\/p>\n<p class=\"p1\">GENEVA COLLOQUIUM<\/p>\n<p class=\"p2\">Mardi 10 novembre 2015 &#8211; 19h00<\/p>\n<p class=\"p2\">SITUATED PRACTICES (PRATIQUES SITU\u00c9ES)<\/p>\n<p class=\"p2\">Pr\u00e9sentations de Marion von Osten, Anne-Julie Raccoursier et Grant Watson<\/p>\n<p class=\"p2\">Avec commentaire de Yann Chateign\u00e9<\/p>\n<p class=\"p2\">HEAD, Boulevard Helv\u00e9tique 9, 1205 Gen\u00e8ve, salle de s\u00e9minaire CCC, 2<span class=\"s1\">e <\/span>\u00e9tage, salle 27<\/p>\n","protected":false},"excerpt":{"rendered":"<p>THINKING UNDER TURBULENCE GENEVA COLLOQUIUM Mardi 10 novembre 2015 &#8211; 19h00 SITUATED PRACTICES (PRATIQUES SITU\u00c9ES) Pr\u00e9sentations de Marion von Osten, Anne-Julie Raccoursier et Grant Watson Avec commentaire de Yann Chateign\u00e9 HEAD, Boulevard Helv\u00e9tique 9, 1205 Gen\u00e8ve, salle de s\u00e9minaire CCC, 2e \u00e9tage, salle 27<\/p>\n","protected":false},"author":5,"featured_media":0,"comment_status":"closed","ping_status":"closed","sticky":false,"template":"","format":"standard","meta":{"_acf_changed":false,"footnotes":""},"categories":[3],"tags":[104],"class_list":["post-2609","post","type-post","status-publish","format-standard","hentry","category-rencontre","tag-colloquium","lieux-head-bd-helvetique","organisations-ccc"],"acf":[],"_links":{"self":[{"href":"https:\/\/campus.hesge.ch\/head-artsvisuels\/wp-json\/wp\/v2\/posts\/2609"}],"collection":[{"href":"https:\/\/campus.hesge.ch\/head-artsvisuels\/wp-json\/wp\/v2\/posts"}],"about":[{"href":"https:\/\/campus.hesge.ch\/head-artsvisuels\/wp-json\/wp\/v2\/types\/post"}],"author":[{"embeddable":true,"href":"https:\/\/campus.hesge.ch\/head-artsvisuels\/wp-json\/wp\/v2\/users\/5"}],"replies":[{"embeddable":true,"href":"https:\/\/campus.hesge.ch\/head-artsvisuels\/wp-json\/wp\/v2\/comments?post=2609"}],"version-history":[{"count":1,"href":"https:\/\/campus.hesge.ch\/head-artsvisuels\/wp-json\/wp\/v2\/posts\/2609\/revisions"}],"predecessor-version":[{"id":2611,"href":"https:\/\/campus.hesge.ch\/head-artsvisuels\/wp-json\/wp\/v2\/posts\/2609\/revisions\/2611"}],"wp:attachment":[{"href":"https:\/\/campus.hesge.ch\/head-artsvisuels\/wp-json\/wp\/v2\/media?parent=2609"}],"wp:term":[{"taxonomy":"category","embeddable":true,"href":"https:\/\/campus.hesge.ch\/head-artsvisuels\/wp-json\/wp\/v2\/categories?post=2609"},{"taxonomy":"post_tag","embeddable":true,"href":"https:\/\/campus.hesge.ch\/head-artsvisuels\/wp-json\/wp\/v2\/tags?post=2609"}],"curies":[{"name":"wp","href":"https:\/\/api.w.org\/{rel}","templated":true}]}}