{"id":2620,"date":"2016-02-04T13:36:20","date_gmt":"2016-02-04T12:36:20","guid":{"rendered":"http:\/\/head.hesge.ch\/art\/?p=2620"},"modified":"2016-02-04T13:36:20","modified_gmt":"2016-02-04T12:36:20","slug":"lexposition-dun-film-le-livre","status":"publish","type":"post","link":"https:\/\/campus.hesge.ch\/head-artsvisuels\/lexposition-dun-film-le-livre\/","title":{"rendered":"L&rsquo;Exposition d&rsquo;un Film &#8211; Le livre"},"content":{"rendered":"<p class=\"p2\">L&rsquo;exposition d&rsquo;un Film &#8211; Le livre<\/p>\n<p class=\"p2\">__________<\/p>\n<p class=\"p2\" style=\"text-align: left;\">Direction \u00e9ditoriale :\u00a0Mathieu Copeland<\/p>\n<p class=\"p2\" style=\"text-align: left;\">Auteurs :\u00a0Mac Adams, Chantal Akerman, Fia Backstr\u00f6m, Darren Banks, Eva Barto, Fran\u00e7ois Bovier, Olivier Castel, Mathieu Copeland, Philippe Decrauzat, Charles de Meaux, Peter Downsbrough, Nicolas Eigenheer &amp; Jeremy Schorderet, Tim Etchells, Lore Gablier, Philippe Gandrieux, Liam Gillick, John Giorno, Joanna Hogg, Isidore Isou, Christian Lebrat, Beno\u00eet Maire, Anne Marquez, Philippe-Alain Michaud, Meredith Monk, Charlotte Moth, Mai-Thu Perret, Lee Ranaldo, Laurent Schmid, Leah Singer, Susan Stenger, Andrew V. Uroskie, Phoebe Unwin, Alan Vega, Jacques Villegl\u00e9, Apichatpong Weerasethakul, Lawrence Weiner, Ian White<\/p>\n<p class=\"p2\" style=\"text-align: left;\">Coordination \u00e9ditoriale :\u00a0Lore Gablier<\/p>\n<p class=\"p2\" style=\"text-align: left;\">Conception graphique :\u00a0Nicolas Eigenheer et Jeremy Schorderet<\/p>\n<p class=\"p2\" style=\"text-align: left;\">__________<\/p>\n<div class=\"resume\">Que serait une exposition qui, au lieu de prendre place dans un mus\u00e9e ou dans une galerie, prendrait place au cin\u00e9ma\u00a0?<\/div>\n<div class=\"citation\">L&rsquo;ouvrage <em>L&rsquo;Exposition d&rsquo;un film<\/em> fait suite \u00e0 une exposition \u00e9ponyme r\u00e9unissant quarante-six artistes internationaux autour d&rsquo;une m\u00eame interrogation\u00a0: que serait une exposition qui, au lieu de prendre place dans un mus\u00e9e ou dans une galerie, prendrait place au cin\u00e9ma\u00a0? Une exposition prenant la forme d&rsquo;un film pr\u00e9sent\u00e9 en salle de cin\u00e9ma et contrainte par les propri\u00e9t\u00e9s intrins\u00e8ques de cet espace social, <em>L&rsquo;Exposition d&rsquo;un film<\/em> s&rsquo;affirme \u00e0 la fois comme un film expos\u00e9, le film d&rsquo;une exposition ou encore comme une exposition film\u00e9e.<br \/>\nProlongeant le questionnement amorc\u00e9 au travers de <em>L&rsquo;Exposition d&rsquo;un film<\/em>, l&rsquo;ouvrage se donne pour ambition, \u00e0 partir d&rsquo;un ensemble d&rsquo;entretiens, de textes de commande et de textes republi\u00e9s pour l&rsquo;occasion, de revenir sur le rapport entre l&rsquo;exposition et le film : leurs temporalit\u00e9s, leurs espaces, ou encore leurs modes de productions.<\/div>\n<p class=\"p2\" style=\"text-align: left;\">__________<\/p>\n<p class=\"p2\" style=\"text-align: left;\">Co\u00e9dition HEAD &#8211; Gen\u00e8ve \/ Les Presses du r\u00e9el, Dijon<\/p>\n<div class=\"line-height\" style=\"text-align: left;\">D\u00e9cembre 2015<\/div>\n<div class=\"line-height\" style=\"text-align: left;\">Edition bilingue (fran\u00e7ais \/ anglais)<\/div>\n<div class=\"line-height\" style=\"text-align: left;\">17 x 24 cm (broch\u00e9)<\/div>\n<div class=\"line-height\" style=\"text-align: left;\">456 pages (16 ill. coul.)<\/div>\n<div class=\"line-height\" style=\"text-align: left;\"><\/div>\n<div class=\"prix\" style=\"text-align: left;\">30.00 \u20ac<\/div>\n<p class=\"p1\">\n","protected":false},"excerpt":{"rendered":"<p>L&rsquo;exposition d&rsquo;un Film &#8211; Le livre __________ Direction \u00e9ditoriale :\u00a0Mathieu Copeland Auteurs :\u00a0Mac Adams, Chantal Akerman, Fia Backstr\u00f6m, Darren Banks, Eva Barto, Fran\u00e7ois Bovier, Olivier Castel, Mathieu Copeland, Philippe Decrauzat, Charles de Meaux, Peter Downsbrough, Nicolas Eigenheer &amp; Jeremy Schorderet, Tim Etchells, Lore Gablier, Philippe Gandrieux, Liam Gillick, John Giorno, Joanna Hogg, Isidore Isou, Christian [&hellip;]<\/p>\n","protected":false},"author":5,"featured_media":0,"comment_status":"closed","ping_status":"closed","sticky":false,"template":"","format":"standard","meta":{"_acf_changed":false,"footnotes":""},"categories":[6],"tags":[23],"class_list":["post-2620","post","type-post","status-publish","format-standard","hentry","category-evenement","tag-editions","organisations-arts-visuels","organisations-work-master"],"acf":[],"_links":{"self":[{"href":"https:\/\/campus.hesge.ch\/head-artsvisuels\/wp-json\/wp\/v2\/posts\/2620"}],"collection":[{"href":"https:\/\/campus.hesge.ch\/head-artsvisuels\/wp-json\/wp\/v2\/posts"}],"about":[{"href":"https:\/\/campus.hesge.ch\/head-artsvisuels\/wp-json\/wp\/v2\/types\/post"}],"author":[{"embeddable":true,"href":"https:\/\/campus.hesge.ch\/head-artsvisuels\/wp-json\/wp\/v2\/users\/5"}],"replies":[{"embeddable":true,"href":"https:\/\/campus.hesge.ch\/head-artsvisuels\/wp-json\/wp\/v2\/comments?post=2620"}],"version-history":[{"count":1,"href":"https:\/\/campus.hesge.ch\/head-artsvisuels\/wp-json\/wp\/v2\/posts\/2620\/revisions"}],"predecessor-version":[{"id":2622,"href":"https:\/\/campus.hesge.ch\/head-artsvisuels\/wp-json\/wp\/v2\/posts\/2620\/revisions\/2622"}],"wp:attachment":[{"href":"https:\/\/campus.hesge.ch\/head-artsvisuels\/wp-json\/wp\/v2\/media?parent=2620"}],"wp:term":[{"taxonomy":"category","embeddable":true,"href":"https:\/\/campus.hesge.ch\/head-artsvisuels\/wp-json\/wp\/v2\/categories?post=2620"},{"taxonomy":"post_tag","embeddable":true,"href":"https:\/\/campus.hesge.ch\/head-artsvisuels\/wp-json\/wp\/v2\/tags?post=2620"}],"curies":[{"name":"wp","href":"https:\/\/api.w.org\/{rel}","templated":true}]}}