{"id":2825,"date":"2016-04-15T14:39:48","date_gmt":"2016-04-15T12:39:48","guid":{"rendered":"http:\/\/head.hesge.ch\/art\/?p=2825"},"modified":"2016-04-15T14:39:48","modified_gmt":"2016-04-15T12:39:48","slug":"julien-maret-voix-off","status":"publish","type":"post","link":"https:\/\/campus.hesge.ch\/head-artsvisuels\/julien-maret-voix-off\/","title":{"rendered":"Julien Maret &#8211; VOIX OFF"},"content":{"rendered":"<p><strong>avec la nuit dans les talus les chats du voisinage<\/strong><\/p>\n<p>Julien Maret est n\u00e9 en 1978 \u00e0 Fully en Valais. Apr\u00e8s une licence en philosophie \u00e0 l\u2019universit\u00e9 de Strasbourg en 2005, il s\u2019\u00e9tablit \u00e0 Gen\u00e8ve et fonde la revue Coma (2007-2009) petit fascicule qui publie des textes de litt\u00e9rature francophone, germanophone et italophone. Il est dipl\u00f4m\u00e9 de l\u2019Institut litt\u00e9raire de Bienne. Il a publi\u00e9 aux \u00e9ditions Jos\u00e9 Corti Rengaine (2011), Ameublement (2014).<\/p>\n<p>&nbsp;<\/p>\n<p><strong>Introduction de la lecture du 13 janvier 2015 par Carla Demierre :<\/strong><\/p>\n<p>Julien Maret a \u00e9tudi\u00e9 la philosophie \u00e0 l\u2019Universit\u00e9 de Strasbourg, puis la cr\u00e9ation litt\u00e9raire \u00e0 l\u2019Institut Litt\u00e9raire Suisse de Bienne. Il est \u00e0 l\u2019origine de la revue Coma, publication de trente-deux pages en quatre langues, distribu\u00e9e gratuitement, sans signature, ni colophon. Cette revue confidentielle, exp\u00e9rimentale et \u00e9ph\u00e9m\u00e8re avait choisi l\u2019effacement de l\u2019auteur pour interroger la Litt\u00e9rature comme puissance collective. Julien Maret collabore r\u00e9guli\u00e8rement avec des artistes, comme Valentin Carron ou Luc Mattenberger, pour qui il a \u00e9crit des textes, ou r\u00e9cemment avec Pauline Guiffard autour d\u2019une pi\u00e8ce radiophonique.<\/p>\n<p>Pour Julien Maret la Litt\u00e9rature est faite d\u2019amiti\u00e9s et de solidarit\u00e9, c\u2019est une mani\u00e8re de \u00ab\u00a0tenir ensemble\u00a0\u00bb je le cite dans un entretien. Il y d\u00e9signe aussi comme premier geste d\u2019\u00e9criture une revue \u2013 elle s\u2019appellait L\u2019ABLATE, et il la fonde \u00e0 19 ans r\u00e9unissant ses amis. Si \u00e9crire se pratique dans une communaut\u00e9 de pens\u00e9e, Julien Maret dit aussi ne pas \u00e9crire avec \u00ab\u00a0grand chose d\u2019autre que le rythme\u00a0\u00bb.<\/p>\n<p>L\u2019\u00e9criture comme la recherche de cette pulsation vitale de la phrase, fait du texte un lieu d\u2019exp\u00e9rience. Le phras\u00e9 de Julien Maret balaye et balance, forme ses phrases d\u2019impulsions multiples, d\u2019\u00e9lans successifs qui raniment r\u00e9guli\u00e8rement le texte. L\u2019\u00e9criture est ici une histoire de pulsation, de d\u00e9rive et de propagation.<\/p>\n<p>Dans son livre Rengaine un homme chute dans un trou et voit sa vie d\u00e9filer. Il tombe et il parle. La langue qui suit le mouvement, passe d\u2019effondrements en reconstitutions, et du m\u00eame mouvement conjure le d\u00e9sastre.<\/p>\n<p>Ameublement son second livre raconte comment on remonte la m\u00e9moire de son enfance, cette vieille caisse de Lego. Chaque \u00e9lan fait bloc \u2013 un bloc de phrases courtes agenc\u00e9es, objets d\u2019un montage au point virgule, unique signe de ponctuation, comme un fondu \u00e9clair au noir. Chaque bloc trace une parcelle de m\u00e9moire. Dans ce livre, la mise en fiction, n\u2019est pas une mise en ordre des souvenirs. De m\u00eame que le travail de m\u00e9moire, n\u2019est pas une entreprise de r\u00e9cup\u00e9ration des donn\u00e9es. Simplement, une voix extraie des images fossiles, qu\u2019elle d\u00e9pose successivement dans le texte pour reconstituer la vie mat\u00e9rielle d\u2019un individu, son rapport aux choses, et ce faisant donne \u00e0 lire en quelque sorte une enfance des objets.<\/p>\n<p>Parce que c\u2019est une r\u00e9gion labile et instable, un espace du vide et du plein, la m\u00e9moire est meuble. Elle est une puissance pleine de glace \u00e0 l\u2019eau fusel\u00e9e, de mercurochrome, d\u2019endives au jambon, de paillasson roux en poils de porc, de tube de lait condens\u00e9, de caisses \u00e0 pommes, de tartes aux fruits, de boudins de terre glaise, de sauces b\u00e9chamel et bolognaise, de pierres et de mottes de terre, d\u2019oncles et de tantes.<\/p>\n<p>Rengaine, Ameublement, ces deux livres dont les formes \u00e9voquent le chant ou le r\u00e9citatif, sont les lieux d\u2019une exp\u00e9rience singuli\u00e8re, proprement litt\u00e9raire, de la voix. Leur lecture nous rappelle que la littt\u00e9rature est un art du son et du sens.<\/p>\n","protected":false},"excerpt":{"rendered":"<p>avec la nuit dans les talus les chats du voisinage Julien Maret est n\u00e9 en 1978 \u00e0 Fully en Valais. Apr\u00e8s une licence en philosophie \u00e0 l\u2019universit\u00e9 de Strasbourg en 2005, il s\u2019\u00e9tablit \u00e0 Gen\u00e8ve et fonde la revue Coma (2007-2009) petit fascicule qui publie des textes de litt\u00e9rature francophone, germanophone et italophone. Il est [&hellip;]<\/p>\n","protected":false},"author":6,"featured_media":0,"comment_status":"closed","ping_status":"closed","sticky":false,"template":"","format":"standard","meta":{"_acf_changed":false,"footnotes":""},"categories":[6],"tags":[36],"class_list":["post-2825","post","type-post","status-publish","format-standard","hentry","category-evenement","tag-voix-off","lieux-mamco","organisations-enseignements-specialises"],"acf":[],"_links":{"self":[{"href":"https:\/\/campus.hesge.ch\/head-artsvisuels\/wp-json\/wp\/v2\/posts\/2825"}],"collection":[{"href":"https:\/\/campus.hesge.ch\/head-artsvisuels\/wp-json\/wp\/v2\/posts"}],"about":[{"href":"https:\/\/campus.hesge.ch\/head-artsvisuels\/wp-json\/wp\/v2\/types\/post"}],"author":[{"embeddable":true,"href":"https:\/\/campus.hesge.ch\/head-artsvisuels\/wp-json\/wp\/v2\/users\/6"}],"replies":[{"embeddable":true,"href":"https:\/\/campus.hesge.ch\/head-artsvisuels\/wp-json\/wp\/v2\/comments?post=2825"}],"version-history":[{"count":1,"href":"https:\/\/campus.hesge.ch\/head-artsvisuels\/wp-json\/wp\/v2\/posts\/2825\/revisions"}],"predecessor-version":[{"id":2827,"href":"https:\/\/campus.hesge.ch\/head-artsvisuels\/wp-json\/wp\/v2\/posts\/2825\/revisions\/2827"}],"wp:attachment":[{"href":"https:\/\/campus.hesge.ch\/head-artsvisuels\/wp-json\/wp\/v2\/media?parent=2825"}],"wp:term":[{"taxonomy":"category","embeddable":true,"href":"https:\/\/campus.hesge.ch\/head-artsvisuels\/wp-json\/wp\/v2\/categories?post=2825"},{"taxonomy":"post_tag","embeddable":true,"href":"https:\/\/campus.hesge.ch\/head-artsvisuels\/wp-json\/wp\/v2\/tags?post=2825"}],"curies":[{"name":"wp","href":"https:\/\/api.w.org\/{rel}","templated":true}]}}