{"id":1652,"date":"2020-02-11T10:49:38","date_gmt":"2020-02-11T09:49:38","guid":{"rendered":"https:\/\/head.hesge.ch\/biblio\/?p=1652"},"modified":"2020-02-11T10:49:38","modified_gmt":"2020-02-11T09:49:38","slug":"selection-olivier-mosset","status":"publish","type":"post","link":"https:\/\/campus.hesge.ch\/headbiblio\/2020\/02\/selection-olivier-mosset\/","title":{"rendered":"S\u00e9lection : Olivier Mosset"},"content":{"rendered":"\n<figure class=\"wp-block-image\"><img data-recalc-dims=\"1\" height=\"899\" width=\"1200\" decoding=\"async\" src=\"https:\/\/i0.wp.com\/head.hesge.ch\/biblio\/wp-content\/uploads\/sites\/2\/2020\/02\/O.Mosset-2000x1498.jpg?resize=1200%2C899&#038;ssl=1\" alt=\"\" class=\"wp-image-1653\"\/><\/figure>\n\n\n\n<p style=\"text-align:left\">Olivier Mosset est \u00e0 l\u2019honneur de la prochaine <a href=\"https:\/\/www.hesge.ch\/head\/evenement\/2020\/talking-heads-olivier-mosset\">Talking\nHeads<\/a>, ce mardi 18 f\u00e9vrier 2020. Il sera en discussion avec Lionel Bovier,\ndirecteur du <a href=\"https:\/\/www.mamco.ch\/\">MAMCO<\/a> (qui lui consacre une\nr\u00e9trospective d\u00e8s le 25 f\u00e9vrier) et Paul Bernard, conservateur de la m\u00eame\ninstitution. L\u2019artiste \u00e9voquera les liens qu\u2019il entretient avec le cin\u00e9ma, en\ncompagnie de Marie Losier, vid\u00e9aste enseignante au <a href=\"https:\/\/head.hesge.ch\/cinema\/\">D\u00e9partement cin\u00e9ma<\/a>. <\/p>\n\n\n\n<p>A cette occasion l\u2019\u00e9quipe de la biblioth\u00e8que a s\u00e9lectionn\u00e9 quelques-uns des nombreux ouvrages qu\u2019elle poss\u00e8de sur l\u2019artiste et son \u0153uvre. <br><a href=\"https:\/\/explore.rero.ch\/fr_CH\/ge\/result?se=%22olivier%20mosset%22&amp;submit=&amp;fd=any&amp;pr=contains&amp;ex=0&amp;so=rank&amp;fct%5Bi%5D%5Blocal7%5D%5B0%5D=61078\">Venez-les consulter&nbsp;<\/a>! <\/p>\n\n\n\n<p><strong>Rappel<\/strong>&nbsp;: la biblioth\u00e8que est ouverte en horaire restreint (12h00-16h00) jusqu\u2019au 14 f\u00e9vrier.<\/p>\n","protected":false},"excerpt":{"rendered":"<p>Olivier Mosset est \u00e0 l\u2019honneur de la prochaine Talking Heads, ce mardi 18 f\u00e9vrier 2020. Il sera en discussion avec Lionel Bovier, directeur du MAMCO (qui lui consacre une r\u00e9trospective d\u00e8s le 25 f\u00e9vrier) et Paul Bernard, conservateur de la m\u00eame institution. L\u2019artiste \u00e9voquera les liens qu\u2019il entretient avec le cin\u00e9ma, en compagnie de Marie&hellip;&nbsp;<a href=\"https:\/\/campus.hesge.ch\/headbiblio\/2020\/02\/selection-olivier-mosset\/\" rel=\"bookmark\">Lire la suite &raquo;<span class=\"screen-reader-text\">S\u00e9lection : Olivier Mosset<\/span><\/a><\/p>\n","protected":false},"author":1,"featured_media":0,"comment_status":"closed","ping_status":"closed","sticky":false,"template":"","format":"standard","meta":{"neve_meta_sidebar":"","neve_meta_container":"","neve_meta_enable_content_width":"","neve_meta_content_width":0,"neve_meta_title_alignment":"","neve_meta_author_avatar":"","neve_post_elements_order":"","neve_meta_disable_header":"","neve_meta_disable_footer":"","neve_meta_disable_title":"","_jetpack_memberships_contains_paid_content":false,"footnotes":""},"categories":[1],"tags":[],"class_list":["post-1652","post","type-post","status-publish","format-standard","hentry","category-uncategorized"],"jetpack_featured_media_url":"","jetpack_sharing_enabled":true,"_links":{"self":[{"href":"https:\/\/campus.hesge.ch\/headbiblio\/wp-json\/wp\/v2\/posts\/1652","targetHints":{"allow":["GET"]}}],"collection":[{"href":"https:\/\/campus.hesge.ch\/headbiblio\/wp-json\/wp\/v2\/posts"}],"about":[{"href":"https:\/\/campus.hesge.ch\/headbiblio\/wp-json\/wp\/v2\/types\/post"}],"author":[{"embeddable":true,"href":"https:\/\/campus.hesge.ch\/headbiblio\/wp-json\/wp\/v2\/users\/1"}],"replies":[{"embeddable":true,"href":"https:\/\/campus.hesge.ch\/headbiblio\/wp-json\/wp\/v2\/comments?post=1652"}],"version-history":[{"count":0,"href":"https:\/\/campus.hesge.ch\/headbiblio\/wp-json\/wp\/v2\/posts\/1652\/revisions"}],"wp:attachment":[{"href":"https:\/\/campus.hesge.ch\/headbiblio\/wp-json\/wp\/v2\/media?parent=1652"}],"wp:term":[{"taxonomy":"category","embeddable":true,"href":"https:\/\/campus.hesge.ch\/headbiblio\/wp-json\/wp\/v2\/categories?post=1652"},{"taxonomy":"post_tag","embeddable":true,"href":"https:\/\/campus.hesge.ch\/headbiblio\/wp-json\/wp\/v2\/tags?post=1652"}],"curies":[{"name":"wp","href":"https:\/\/api.w.org\/{rel}","templated":true}]}}