{"id":2073,"date":"2020-05-11T11:17:03","date_gmt":"2020-05-11T10:17:03","guid":{"rendered":"https:\/\/head.hesge.ch\/biblio\/?p=2073"},"modified":"2020-05-11T11:17:03","modified_gmt":"2020-05-11T10:17:03","slug":"du-papier-a-lecran","status":"publish","type":"post","link":"https:\/\/campus.hesge.ch\/headbiblio\/2020\/05\/du-papier-a-lecran\/","title":{"rendered":"Du papier \u00e0 l&rsquo;\u00e9cran"},"content":{"rendered":"\n<h2 class=\"wp-block-heading\"><strong>Mauvais genre<\/strong><\/h2>\n\n\n\n<p><em>Mauvais genre<\/em> est une bande dessin\u00e9e parue en 2013. Elle a \u00e9t\u00e9 r\u00e9alis\u00e9e par Chlo\u00e9 Cruchaudet, d\u2019apr\u00e8s l&rsquo;essai <em>La gar\u00e7onne et l\u2019assassin&nbsp;\u2013 Histoire de Louise et de Paul, d\u00e9serteur travesti, dans le Paris des ann\u00e9es folles<\/em>. Cet essai est paru en 2011. Il a \u00e9t\u00e9 \u00e9crit par les historiens Dani\u00e8le Voldman et Fabrice Virgili.<\/p><\/p>\n\n\n\n<div class=\"wp-block-image\"><figure class=\"alignright is-resized\"><a href=\"https:\/\/explore.rero.ch\/fr_CH\/ge\/result\/L\/VlRMU19SRVJPUjAwNzQ5MjkyMw==\"><img data-recalc-dims=\"1\" loading=\"lazy\" decoding=\"async\" src=\"https:\/\/i0.wp.com\/images.amazon.com\/images\/P\/2756039713.08.SCLZZZZZZZ_.jpg?resize=178%2C236\" alt=\"\" width=\"178\" height=\"236\"\/><\/a><figcaption>Source :<a href=\"https:\/\/explore.rero.ch\/fr_CH\/ge\/result\/L\/VlRMU19SRVJPUjAwNzQ5MjkyMw==\"> Rero<\/a><\/figcaption><\/figure><\/div>\n\n\n\n<p>\u00ab&nbsp;Paul et Louise s&rsquo;aiment, Paul et Louise se marient, mais la Premi\u00e8re Guerre mondiale \u00e9clate et les s\u00e9pare. Paul, qui veut \u00e0 tout prix \u00e9chapper \u00e0 l&rsquo;enfer des tranch\u00e9es, devient d\u00e9serteur et retrouve Louise \u00e0 Paris. Il est sain et sauf, mais condamn\u00e9 \u00e0 rester cach\u00e9. Pour mettre fin \u00e0 sa clandestinit\u00e9,&nbsp;Paul imagine alors une solution : changer d&rsquo;identit\u00e9, se travestir. D\u00e9sormais il sera&#8230; Suzanne&nbsp;\u00bb Source&nbsp;: <a href=\"https:\/\/www.editions-delcourt.fr\/serie\/mauvais-genre.html\">Delcourt <\/a><\/p>\n\n\n\n<p>&nbsp;<\/p>\n\n\n\n<p>En 2017, sort <em>Nos ann\u00e9es folles<\/em>, le film de cette v\u00e9ritable histoire, r\u00e9alis\u00e9 par Andr\u00e9 T\u00e9chin\u00e9. Le film a \u00e9t\u00e9 projet\u00e9 en mai de la m\u00eame ann\u00e9e au Festival de Cannes.<\/p>\n\n\n\n<p>&nbsp;<\/p>\n\n\n\n<p>La bande dessin\u00e9e a re\u00e7u 4 r\u00e9compenses&nbsp;: <br>Prix du public Cultura du Festival d\u2019Angoul\u00eame, Grand Prix de la Critique ACBD, prix du magazine Lire de la Meilleure bande dessin\u00e9e et le prix Landernau BD<\/p>\n\n\n\n<p>Venez d\u00e9couvrir la bd sous la cote suivante&nbsp;: <a href=\"https:\/\/explore.rero.ch\/fr_CH\/ge\/result\/L\/VlRMU19SRVJPUjAwNzQ5MjkyMw==\">7.071 CRUC\/1\/BD<\/a><\/p>\n","protected":false},"excerpt":{"rendered":"<p>Mauvais genre Mauvais genre est une bande dessin\u00e9e parue en 2013. Elle a \u00e9t\u00e9 r\u00e9alis\u00e9e par Chlo\u00e9 Cruchaudet, d\u2019apr\u00e8s l&rsquo;essai La gar\u00e7onne et l\u2019assassin&nbsp;\u2013 Histoire de Louise et de Paul, d\u00e9serteur travesti, dans le Paris des ann\u00e9es folles. Cet essai est paru en 2011. Il a \u00e9t\u00e9 \u00e9crit par les historiens Dani\u00e8le Voldman et Fabrice&hellip;&nbsp;<a href=\"https:\/\/campus.hesge.ch\/headbiblio\/2020\/05\/du-papier-a-lecran\/\" rel=\"bookmark\">Lire la suite &raquo;<span class=\"screen-reader-text\">Du papier \u00e0 l&rsquo;\u00e9cran<\/span><\/a><\/p>\n","protected":false},"author":1,"featured_media":0,"comment_status":"closed","ping_status":"closed","sticky":false,"template":"","format":"standard","meta":{"neve_meta_sidebar":"","neve_meta_container":"","neve_meta_enable_content_width":"","neve_meta_content_width":0,"neve_meta_title_alignment":"","neve_meta_author_avatar":"","neve_post_elements_order":"","neve_meta_disable_header":"","neve_meta_disable_footer":"","neve_meta_disable_title":"","_jetpack_memberships_contains_paid_content":false,"footnotes":""},"categories":[9],"tags":[25,34],"class_list":["post-2073","post","type-post","status-publish","format-standard","hentry","category-outofthebooks","tag-mauvais-genre","tag-travestissement"],"jetpack_featured_media_url":"","jetpack_sharing_enabled":true,"_links":{"self":[{"href":"https:\/\/campus.hesge.ch\/headbiblio\/wp-json\/wp\/v2\/posts\/2073","targetHints":{"allow":["GET"]}}],"collection":[{"href":"https:\/\/campus.hesge.ch\/headbiblio\/wp-json\/wp\/v2\/posts"}],"about":[{"href":"https:\/\/campus.hesge.ch\/headbiblio\/wp-json\/wp\/v2\/types\/post"}],"author":[{"embeddable":true,"href":"https:\/\/campus.hesge.ch\/headbiblio\/wp-json\/wp\/v2\/users\/1"}],"replies":[{"embeddable":true,"href":"https:\/\/campus.hesge.ch\/headbiblio\/wp-json\/wp\/v2\/comments?post=2073"}],"version-history":[{"count":0,"href":"https:\/\/campus.hesge.ch\/headbiblio\/wp-json\/wp\/v2\/posts\/2073\/revisions"}],"wp:attachment":[{"href":"https:\/\/campus.hesge.ch\/headbiblio\/wp-json\/wp\/v2\/media?parent=2073"}],"wp:term":[{"taxonomy":"category","embeddable":true,"href":"https:\/\/campus.hesge.ch\/headbiblio\/wp-json\/wp\/v2\/categories?post=2073"},{"taxonomy":"post_tag","embeddable":true,"href":"https:\/\/campus.hesge.ch\/headbiblio\/wp-json\/wp\/v2\/tags?post=2073"}],"curies":[{"name":"wp","href":"https:\/\/api.w.org\/{rel}","templated":true}]}}